{"id":5595,"date":"2015-07-23T15:14:36","date_gmt":"2015-07-23T20:14:36","guid":{"rendered":"https:\/\/emisora.univalle.edu.co\/\/?p=5595"},"modified":"2015-07-23T15:14:36","modified_gmt":"2015-07-23T20:14:36","slug":"estudiante-univalle-exaltada-en-festival-de-musica-infantil","status":"publish","type":"post","link":"https:\/\/emisora.univalle.edu.co\/index.php\/estudiante-univalle-exaltada-en-festival-de-musica-infantil\/","title":{"rendered":"Estudiante Univalle exaltada en festival de m\u00fasica infantil"},"content":{"rendered":"<p><span style=\"line-height: 1.5em;\">La estudiante de \u00faltimo semestre de M\u00fasica de la Universidad del Valle Mar\u00eda Isabel Mej\u00eda fue homenajeada como artista joven durante el XIII Festival Nacional Infantil \u2018Colombia Canta y Encanta\u2019, que finaliz\u00f3 recientemente en Medell\u00edn.<\/span><\/p>\n<p>Mar\u00eda Isabel Mej\u00eda G\u00f3mez inici\u00f3 estudios de m\u00fasica a la edad de cinco a\u00f1os en la fundaci\u00f3n Amadeus; como solista vocal infantil particip\u00f3 en diferentes festivales de m\u00fasica andina colombiana como el Cuyabrito de Oro en Armenia, Abeja de Oro, Orgullo Vallecaucano, Cumberland de Oro y Gran Cruz de Calatrava en Cali, Pasilleritos en Aguadas, Cacique Tundama en Duitama, y el Festival de la Plaza del Mono N\u00fa\u00f1ez en Ginebra desde el a\u00f1o 2002 a 2009.<\/p>\n<p>Como compositora ha participado con obras in\u00e9ditas en el Festival Cuyabrito de Oro en Armenia en el 2009, Festival del Bunde en Espinal-Tolima en 2009 y 2012, Festival Universitario de la canci\u00f3n donde ha sido ganadora cuatro a\u00f1os consecutivos; recibi\u00f3 el premio a mejor tiplista en el Festival Antioquia le canta a Colombia en los a\u00f1os 2010 y 2012.<\/p>\n<p><span style=\"line-height: 1.5em;\">En 2014, represent\u00f3 a la Universidad del Valle en el \u00abXIX Festival Regional Universitario de la Canci\u00f3n Ascun Cultura 2014\u00bb donde gan\u00f3 el primer lugar en la categor\u00eda Canci\u00f3n in\u00e9dita, junto al int\u00e9rprete Christopher D\u00e1vila, estudiante de la Licenciatura en Arte Dram\u00e1tico, con la canci\u00f3n \u00abSoy\u00bb.<\/span><\/p>\n<p><span style=\"line-height: 1.5em;\">Adem\u00e1s, ese mismo a\u00f1o, gan\u00f3 el primer lugar \u00abDisco de Platino\u00bb, en la categor\u00eda \u00abCanciones Originales Rom\u00e1nticas\u00bb del XXXIV Festival de la Canci\u00f3n Latinoamericana de California\u00bb, Estados Unidos, como cantautora de la canci\u00f3n \u00abQuiero convencerte\u00bb.<\/span><\/p>\n<p><span style=\"line-height: 1.5em;\">Fuente: Agencia de Noticias Univalle<\/span><\/p>\n","protected":false},"excerpt":{"rendered":"<p>La estudiante de \u00faltimo semestre de M\u00fasica de la Universidad del Valle Mar\u00eda Isabel Mej\u00eda fue homenajeada como artista joven durante el XIII Festival Nacional Infantil \u2018Colombia Canta y Encanta\u2019, que finaliz\u00f3 recientemente en Medell\u00edn. Mar\u00eda Isabel Mej\u00eda G\u00f3mez inici\u00f3 estudios de m\u00fasica a la edad de cinco a\u00f1os en[&#8230;]<\/p>\n","protected":false},"author":1,"featured_media":5578,"comment_status":"open","ping_status":"open","sticky":false,"template":"","format":"standard","meta":{"footnotes":""},"categories":[4],"tags":[],"_links":{"self":[{"href":"https:\/\/emisora.univalle.edu.co\/index.php\/wp-json\/wp\/v2\/posts\/5595"}],"collection":[{"href":"https:\/\/emisora.univalle.edu.co\/index.php\/wp-json\/wp\/v2\/posts"}],"about":[{"href":"https:\/\/emisora.univalle.edu.co\/index.php\/wp-json\/wp\/v2\/types\/post"}],"author":[{"embeddable":true,"href":"https:\/\/emisora.univalle.edu.co\/index.php\/wp-json\/wp\/v2\/users\/1"}],"replies":[{"embeddable":true,"href":"https:\/\/emisora.univalle.edu.co\/index.php\/wp-json\/wp\/v2\/comments?post=5595"}],"version-history":[{"count":1,"href":"https:\/\/emisora.univalle.edu.co\/index.php\/wp-json\/wp\/v2\/posts\/5595\/revisions"}],"predecessor-version":[{"id":5596,"href":"https:\/\/emisora.univalle.edu.co\/index.php\/wp-json\/wp\/v2\/posts\/5595\/revisions\/5596"}],"wp:featuredmedia":[{"embeddable":true,"href":"https:\/\/emisora.univalle.edu.co\/index.php\/wp-json\/wp\/v2\/media\/5578"}],"wp:attachment":[{"href":"https:\/\/emisora.univalle.edu.co\/index.php\/wp-json\/wp\/v2\/media?parent=5595"}],"wp:term":[{"taxonomy":"category","embeddable":true,"href":"https:\/\/emisora.univalle.edu.co\/index.php\/wp-json\/wp\/v2\/categories?post=5595"},{"taxonomy":"post_tag","embeddable":true,"href":"https:\/\/emisora.univalle.edu.co\/index.php\/wp-json\/wp\/v2\/tags?post=5595"}],"curies":[{"name":"wp","href":"https:\/\/api.w.org\/{rel}","templated":true}]}}