{"id":5597,"date":"2015-07-23T15:18:52","date_gmt":"2015-07-23T20:18:52","guid":{"rendered":"https:\/\/emisora.univalle.edu.co\/\/?p=5597"},"modified":"2015-07-23T15:18:52","modified_gmt":"2015-07-23T20:18:52","slug":"la-tierra-y-la-sombra-en-salas-de-cine","status":"publish","type":"post","link":"https:\/\/emisora.univalle.edu.co\/index.php\/la-tierra-y-la-sombra-en-salas-de-cine\/","title":{"rendered":"\u201cLa tierra y la sombra\u201d en salas de cine"},"content":{"rendered":"<p><span style=\"line-height: 1.5em;\">Desde hoy jueves 23 de julio se estrena en las salas de cine colombianas \u201cLa Tierra y la sombra\u201d, \u00f3pera prima del egresado de Comunicaci\u00f3n Social de la Universidad del Valle C\u00e9sar Augusto Acevedo.<\/span><\/p>\n<p><span style=\"line-height: 1.5em;\">Con \u201cLa Tierra y la sombra\u201d, C\u00e9sar Acevedo no solo gan\u00f3 la C\u00e1mara de Oro, reconocimiento a la Mejor Pel\u00edcula de un director debutante (o primera pel\u00edcula), presentada en el Festival de Cine de Cannes, sino tambi\u00e9n el \u201cLe Grand Rail D\u2019Or 2015\u201d, otorgado por el p\u00fablico representado por los miembros cin\u00e9filos de la asociaci\u00f3n ferroviaria Ceux du Rail de Francia; el premio SACD, otorgado por la sociedad de autores a una de las siete pel\u00edculas en competencia y el \u201cFrance 4 Visionary Award\u201d, un premio al cine independiente, que refleja la pasi\u00f3n y entusiasmo por el cine por parte de los nuevos talentos de la industria del cine.<\/span><\/p>\n<p>El argumento de este filme gira alrededor de cinco personajes: una mujer que se niega a renunciar a la tierra por la que luch\u00f3 toda su vida; un hijo que no puede abandonar a su madre, poniendo en riesgo su propia existencia; un padre que debe afrontar sus errores del pasado con el fin de recuperar a los seres que abandon\u00f3; una esposa que lucha por salvar a los suyos y un ni\u00f1o que crece en medio de la devastaci\u00f3n.<\/p>\n<p><span style=\"line-height: 1.5em;\">C\u00e9sar Augusto Acevedo es comunicador social de la Universidad del Valle, de donde se gradu\u00f3 con laureles con el guion de \u201cLa tierra y la sombra\u201d, en el que trabaj\u00f3 desde que ten\u00eda veinte a\u00f1os. Se ha desempe\u00f1ado como asistente de producci\u00f3n de \u201cEl vuelco del cangrejo\u201d y como coguionista y asistente de direcci\u00f3n de \u201cLos hongos\u201d, ambos filmes de Oscar Ruiz Navia; fue camar\u00f3grafo del detr\u00e1s de c\u00e1maras de \u201cLa Sirga\u201d de William Vega y realiz\u00f3 la foto fija de \u201cSiembra\u201d de \u00c1ngela Mar\u00eda Osorio y Santiago Lozano.<\/span><\/p>\n<p><span style=\"line-height: 1.5em;\">En este largometraje tambi\u00e9n participaron otros egresados de la Universidad del Valle: Paola Andrea P\u00e9rez Nieto (producci\u00f3n), Mateo Guzm\u00e1n (direcci\u00f3n de fotograf\u00eda), Marcela G\u00f3mez (direcci\u00f3n de arte), Felipe Rayo (Sonido), Mar\u00eda Camila Botero (dise\u00f1o de vestuario), Camilo Mart\u00ednez (micr\u00f3fono), William Vega (foto fija, detr\u00e1s de c\u00e1maras), todos ellos egresados de la Escuela de Comunicaci\u00f3n Social, y la egresada de la Licenciatura en Arte Dram\u00e1tico Marleyda Soto.<\/span><\/p>\n<p>Fuente: Agencia de Noticias Univalle<\/p>\n","protected":false},"excerpt":{"rendered":"<p>Desde hoy jueves 23 de julio se estrena en las salas de cine colombianas \u201cLa Tierra y la sombra\u201d, \u00f3pera prima del egresado de Comunicaci\u00f3n Social de la Universidad del Valle C\u00e9sar Augusto Acevedo. Con \u201cLa Tierra y la sombra\u201d, C\u00e9sar Acevedo no solo gan\u00f3 la C\u00e1mara de Oro, reconocimiento[&#8230;]<\/p>\n","protected":false},"author":1,"featured_media":3967,"comment_status":"open","ping_status":"open","sticky":false,"template":"","format":"standard","meta":{"footnotes":""},"categories":[4],"tags":[],"_links":{"self":[{"href":"https:\/\/emisora.univalle.edu.co\/index.php\/wp-json\/wp\/v2\/posts\/5597"}],"collection":[{"href":"https:\/\/emisora.univalle.edu.co\/index.php\/wp-json\/wp\/v2\/posts"}],"about":[{"href":"https:\/\/emisora.univalle.edu.co\/index.php\/wp-json\/wp\/v2\/types\/post"}],"author":[{"embeddable":true,"href":"https:\/\/emisora.univalle.edu.co\/index.php\/wp-json\/wp\/v2\/users\/1"}],"replies":[{"embeddable":true,"href":"https:\/\/emisora.univalle.edu.co\/index.php\/wp-json\/wp\/v2\/comments?post=5597"}],"version-history":[{"count":1,"href":"https:\/\/emisora.univalle.edu.co\/index.php\/wp-json\/wp\/v2\/posts\/5597\/revisions"}],"predecessor-version":[{"id":5598,"href":"https:\/\/emisora.univalle.edu.co\/index.php\/wp-json\/wp\/v2\/posts\/5597\/revisions\/5598"}],"wp:featuredmedia":[{"embeddable":true,"href":"https:\/\/emisora.univalle.edu.co\/index.php\/wp-json\/wp\/v2\/media\/3967"}],"wp:attachment":[{"href":"https:\/\/emisora.univalle.edu.co\/index.php\/wp-json\/wp\/v2\/media?parent=5597"}],"wp:term":[{"taxonomy":"category","embeddable":true,"href":"https:\/\/emisora.univalle.edu.co\/index.php\/wp-json\/wp\/v2\/categories?post=5597"},{"taxonomy":"post_tag","embeddable":true,"href":"https:\/\/emisora.univalle.edu.co\/index.php\/wp-json\/wp\/v2\/tags?post=5597"}],"curies":[{"name":"wp","href":"https:\/\/api.w.org\/{rel}","templated":true}]}}