{"id":5599,"date":"2015-07-23T15:21:01","date_gmt":"2015-07-23T20:21:01","guid":{"rendered":"https:\/\/emisora.univalle.edu.co\/\/?p=5599"},"modified":"2015-07-23T15:21:01","modified_gmt":"2015-07-23T20:21:01","slug":"monumentos-de-cali-se-iluminaran-en-su-cumpleanos-479-al-celebrar-la-fundacion","status":"publish","type":"post","link":"https:\/\/emisora.univalle.edu.co\/index.php\/monumentos-de-cali-se-iluminaran-en-su-cumpleanos-479-al-celebrar-la-fundacion\/","title":{"rendered":"Monumentos de Cali se iluminar\u00e1n en su cumplea\u00f1os 479, al celebrar la fundaci\u00f3n"},"content":{"rendered":"<p><span style=\"line-height: 1.5em;\">Como si fueran faros que la historia mostrara, el monumento de las Tres Cruces, el edificio Coltabaco y el puente Espa\u00f1a -en inmediaciones al CAM, resplandecer\u00e1n con multicoloridas luces para conmemorar -este fin de semana- los 479 a\u00f1os de la fundaci\u00f3n de Santiago de Cali.<\/span><\/p>\n<p><span style=\"line-height: 1.5em;\">Para el secretario privado de la Alcald\u00eda, Juan Esteban \u00c1ngel Borrero, esta es una fastuosa oportunidad para hacer brillar el nombre de la ciudad por todo lo alto y conmemorar su nacimiento como urbe, que acogi\u00f3 un crisol de culturas para formar su identidad alegre, respetuosa, pujante y amable.<\/span><\/p>\n<p><span style=\"line-height: 1.5em;\">Expres\u00f3 que \u201ccon estas luces sobre edificios de alto valor cultural, hemos pensado en resaltar d\u00eda a d\u00eda nuestros momentos hist\u00f3ricos, con el fin de que la gente que naci\u00f3, vive o apenas llega a establecerse en esta ciudad se acuerde de ellos o los reconozca, porque por ah\u00ed ha transitado nuestro devenir y sobre ellos nuestros mayores han labrado la esperanza y hoy gozamos de nuestras libertades\u201d.<\/span><\/p>\n<p><span style=\"line-height: 1.5em;\">En cuanto al proceso de iluminaci\u00f3n, el alto funcionario del gobierno que orienta el m\u00e9dico Rodrigo Guerrero Velasco sostuvo que se implementar\u00e1 tecnolog\u00eda led a fin de que se cumplan aspectos inherentes a la eficiencia y demandas econ\u00f3micas y energ\u00e9ticas, lo que en otro concepto se entiende como uso racional y eficiente de la energ\u00eda.<\/span><\/p>\n<p><span style=\"line-height: 1.5em;\">Por su parte, Luis Cardona, quien representa la direcci\u00f3n comercial de la firma Citelum, encargada de la instalaci\u00f3n de los equipos que dar\u00e1n colorido a los hitos propios de la cale\u00f1idad, precis\u00f3 que \u201cla propuesta tiene como objetivo permitir con el control de la luz y de la sombra, transformar el entorno y lo cotidiano en una nueva atm\u00f3sfera que sirva para magnificar el patrimonio de la ciudad.<\/span><\/p>\n<p><span style=\"line-height: 1.5em;\">Asimismo, \u201cse pretende dise\u00f1ar en forma global y controlada, unos ritmos de percepci\u00f3n que modifiquen nuestra relaci\u00f3n con la ciudad\u201d.<\/span><\/p>\n<p><span style=\"line-height: 1.5em;\">El representante de la firma Citelum subray\u00f3 que un proyecto de iluminaci\u00f3n esc\u00e9nica como el que se aplicar\u00e1 a los hitos hist\u00f3ricos de Cali busca dise\u00f1ar la percepci\u00f3n del espacio, la valorizaci\u00f3n del paisaje urbano, estar en la vanguardia est\u00e9tica, ornamental, art\u00edstica y monumental.<\/span><\/p>\n<p><span style=\"line-height: 1.5em;\">De acuerdo con el proyecto, la ciudad -en el marco de esta primera etapa- implementar\u00e1 m\u00e1s adelante esta tecnolog\u00eda de iluminaci\u00f3n en otras edificaciones representativas como el edificio Otero, el monumento de Cristo Rey, los teatros Municipal y Jorge Isaac, Mirador de Sebasti\u00e1n de Bel\u00e1lcazar, el Palacio Nacional, la Catedral de San Pedro Ap\u00f3stol, el puente Ortiz, la estaci\u00f3n Calipso del MIO, convento de la Merced, Templo de San Francisco, iglesia de San Antonio, el Gato del R\u00edo y museo de arte La Tertulia.<\/span><\/p>\n<p><span style=\"line-height: 1.5em;\">Rese\u00f1a de las Tres Cruces<\/span><\/p>\n<p><span style=\"line-height: 1.5em;\">De acuerdo con la bibliograf\u00eda, los frailes Vicente y Juan Cuesta insinuaron en 1837 a los habitantes de la peque\u00f1a parroquia en la que se constitu\u00eda Santiago de Cali, la colocaci\u00f3n de tres cruces en guadua en la cima del cerro -donde hoy reposan las altas estructuras en concreto- para conjurar los males del demonio, denominado buziraco, que desde Espa\u00f1a anunciara la ruina de esta ciudad, aunque en principio se asentara en el cerro de la Popa en Cartagena de Indias, lugar en el que permaneci\u00f3 hasta que lo hiciera abandonar este, un fraile agustino.<\/span><\/p>\n<p><span style=\"line-height: 1.5em;\">Desde esos tiempos, cada 3 de mayo, los cale\u00f1os ascienden hasta este lugar insigne de la ciudad para celebrar actos lit\u00fargicos y rendir homenajes a la Santa Cruz.<\/span><\/p>\n<p><span style=\"line-height: 1.5em;\">Las actuales cruces gigantes se deben al movimiento que dirigi\u00f3 el padre Marco Tulio Collazos, las cuales fueron terminadas en su construcci\u00f3n en hierro y concreto el 6 de enero de 1938, teniendo la central una altura de 26 metros y las laterales 22.<\/span><\/p>\n<p><span style=\"line-height: 1.5em;\">All\u00ed permaneci\u00f3 hasta que un fraile agustino lo hizo abandonar el lugar. Desde esa \u00e9poca para ac\u00e1, los cale\u00f1os suben a la loma cada 3 de mayo para rendir homenaje a la santa cruz y all\u00ed se celebra la santa misa.<\/span><\/p>\n<p><span style=\"line-height: 1.5em;\">Por tal motivo, el padre Marco Tulio Collazos capitane\u00f3 un movimiento en pro del monumento a la insignia del cristo y el d\u00eda 6 de enero de 1938 termin\u00f3 la construcci\u00f3n -en ferroconcreto- de las 3 cruces gigantes que actualmente se conocen. La cruz central mide 26 metros y las cruces laterales, 22 metros.<\/span><\/p>\n<p><span style=\"line-height: 1.5em;\">El Edificio de Coltabaco<\/span><\/p>\n<p><span style=\"line-height: 1.5em;\">La hist\u00f3rica construcci\u00f3n, que se erigiera como un regalo para la Sultana del Valle cuando esta cumpli\u00f3 su cuarto siglo de fundaci\u00f3n, sigue vigilante de la cotidianidad cale\u00f1a, mientras cientos de cale\u00f1os atraviesan por su lado desde y hacia el centro de la ciudad.<\/span><\/p>\n<p><span style=\"line-height: 1.5em;\">Cuenta la historia en l\u00edneas que el arquitecto Guillermo Garrido, a quien le fuera encomendada la ejecuci\u00f3n del proyecto, se inclin\u00f3 por levantar la edificaci\u00f3n con estilo del renacimiento espa\u00f1ol o plateresco.<\/span><\/p>\n<p><span style=\"line-height: 1.5em;\">Asimismo, se precisa que la edificaci\u00f3n -llamada anteriormente como El Puente- en principio ten\u00eda un piso menos y hacia la d\u00e9cada de los 50 \u2013en el siglo XX-, se le construy\u00f3 una \u00faltima planta, que de acuerdo con especialistas de la arquitectura, afectaron las\u00a0 proporciones de la fachada y el eje central.<\/span><\/p>\n<p><span style=\"line-height: 1.5em;\">Pese a esto, muchos sostienen que es uno de los m\u00e1s emblem\u00e1ticos y vistosos que a\u00fan se conservan en el camino que lleva a esta capital hacia su progreso.<\/span><\/p>\n<p><span style=\"line-height: 1.5em;\">El edificio Coltabaco fue declarado en 1959 como Patrimonio Nacional.<\/span><\/p>\n<p><span style=\"line-height: 1.5em;\">Puente Espa\u00f1a<\/span><\/p>\n<p><span style=\"line-height: 1.5em;\">El puente que cruza el r\u00edo Cali a la altura del Paseo de la Avenida Colombia con calle 11 es una donaci\u00f3n que hiciera la Corona Espa\u00f1ola, con ocasi\u00f3n de la celebraci\u00f3n de los 400 a\u00f1os de fundaci\u00f3n de la ciudad, en 1936.<\/span><\/p>\n<p><span style=\"line-height: 1.5em;\">Aunque puede ser considerada por muchos como una estructura sencilla sin mayores reconocimientos arquitect\u00f3nicos, la verdad es que muchos transe\u00fantes lo pasan diariamente, como quiera que es cruce obligado hacia el centro de la capital vallecaucana.<\/span><\/p>\n<p><span style=\"line-height: 1.5em;\">Sin embargo, el modesto pasadero sobre el r\u00edo que atraviesa al sue\u00f1o -como\u00a0 denomin\u00f3 el poeta Eduardo Carranza a Cali- se constituye en una tribuna ideal para tomarle fotograf\u00edas a su vecino puente Ortiz o a la iglesia Ermita, que como centinela del r\u00edo se ve paciente y resplandeciente ante la lente de quien busca captar una de las mejores postales de la \u2018Sucursal del Cielo\u2019 en horas de la tarde, cuando el viento juguet\u00f3n y refrescante que se desprende por el Aguacatal le da por acariciar la ciudad y a sus gentes.<\/span><\/p>\n<p>Fuente: Comunicaciones Alcald\u00eda<\/p>\n<p>&nbsp;<\/p>\n","protected":false},"excerpt":{"rendered":"<p>Como si fueran faros que la historia mostrara, el monumento de las Tres Cruces, el edificio Coltabaco y el puente Espa\u00f1a -en inmediaciones al CAM, resplandecer\u00e1n con multicoloridas luces para conmemorar -este fin de semana- los 479 a\u00f1os de la fundaci\u00f3n de Santiago de Cali. Para el secretario privado de[&#8230;]<\/p>\n","protected":false},"author":1,"featured_media":5580,"comment_status":"open","ping_status":"open","sticky":false,"template":"","format":"standard","meta":{"footnotes":""},"categories":[4],"tags":[],"_links":{"self":[{"href":"https:\/\/emisora.univalle.edu.co\/index.php\/wp-json\/wp\/v2\/posts\/5599"}],"collection":[{"href":"https:\/\/emisora.univalle.edu.co\/index.php\/wp-json\/wp\/v2\/posts"}],"about":[{"href":"https:\/\/emisora.univalle.edu.co\/index.php\/wp-json\/wp\/v2\/types\/post"}],"author":[{"embeddable":true,"href":"https:\/\/emisora.univalle.edu.co\/index.php\/wp-json\/wp\/v2\/users\/1"}],"replies":[{"embeddable":true,"href":"https:\/\/emisora.univalle.edu.co\/index.php\/wp-json\/wp\/v2\/comments?post=5599"}],"version-history":[{"count":1,"href":"https:\/\/emisora.univalle.edu.co\/index.php\/wp-json\/wp\/v2\/posts\/5599\/revisions"}],"predecessor-version":[{"id":5600,"href":"https:\/\/emisora.univalle.edu.co\/index.php\/wp-json\/wp\/v2\/posts\/5599\/revisions\/5600"}],"wp:featuredmedia":[{"embeddable":true,"href":"https:\/\/emisora.univalle.edu.co\/index.php\/wp-json\/wp\/v2\/media\/5580"}],"wp:attachment":[{"href":"https:\/\/emisora.univalle.edu.co\/index.php\/wp-json\/wp\/v2\/media?parent=5599"}],"wp:term":[{"taxonomy":"category","embeddable":true,"href":"https:\/\/emisora.univalle.edu.co\/index.php\/wp-json\/wp\/v2\/categories?post=5599"},{"taxonomy":"post_tag","embeddable":true,"href":"https:\/\/emisora.univalle.edu.co\/index.php\/wp-json\/wp\/v2\/tags?post=5599"}],"curies":[{"name":"wp","href":"https:\/\/api.w.org\/{rel}","templated":true}]}}