{"id":5603,"date":"2015-07-23T15:25:04","date_gmt":"2015-07-23T20:25:04","guid":{"rendered":"https:\/\/emisora.univalle.edu.co\/\/?p=5603"},"modified":"2015-07-23T15:25:04","modified_gmt":"2015-07-23T20:25:04","slug":"gobernacion-del-valle-del-cauca-realiza-viernes-de-la-cultura-en-santiago-de-cali","status":"publish","type":"post","link":"https:\/\/emisora.univalle.edu.co\/index.php\/gobernacion-del-valle-del-cauca-realiza-viernes-de-la-cultura-en-santiago-de-cali\/","title":{"rendered":"Gobernaci\u00f3n del Valle del Cauca realiza \u201cViernes de la Cultura\u201d en Santiago de Cali"},"content":{"rendered":"<p><span style=\"line-height: 1.5em;\">El viernes cultural evento realizado por la Gobernaci\u00f3n del Valle y la Secretar\u00eda de Cultura del Departamento, se realizar\u00e1 este viernes 24 de julio en el Bulevar del R\u00edo, en la carrera primera entre calle 5\u00aa y 13, como parte de parte de los eventos del cumplea\u00f1os de Santiago de Cali<\/span><\/p>\n<p><span style=\"line-height: 1.5em;\">El programa Viernes de la Cultura se ha posicionado entre los vallecaucanos, porque ha cumplido con su objetivo de ser una plataforma a trav\u00e9s de la cual se da a conocer el talento vallecaucano y\u00a0 por brindar la oportunidad de convocar a las familias para que disfruten de un espacio institucional en el cual se genera una sana y din\u00e1mica convivencia ciudadana, resaltando los valores culturales locales y regionales.<\/span><\/p>\n<p><span style=\"line-height: 1.5em;\">En esta oportunidad los cale\u00f1os disfrutar\u00e1n una variada programaci\u00f3n que incluye la participaci\u00f3n del Bibliob\u00fas de\u00a0 la Biblioteca Departamental, una hermosa exposici\u00f3n sobre las tortugas milenarias ofrecida por INCIVA,\u00a0 la presentaci\u00f3n Compa\u00f1\u00eda art\u00edstica Incolballet, el grupo de t\u00edteres Titirindeba del Instituto Departamental de Bellas Artes, la Banda Juvenil Santa Cecilia de San Pedro-Valle y\u00a0 la presentaci\u00f3n de la Fundaci\u00f3n Art\u00edstica \u00c9xtasis de la Salsa.<\/span><\/p>\n<p><span style=\"line-height: 1.5em;\">\u201cQueremos ofrecerle a la cale\u00f1os la posibilidad de ver todas las instituciones culturales en un mismo escenario, que ni\u00f1os, j\u00f3venes\u00a0 adultos puedan disfrutar de manera gratuita del trabajo disciplinado y comprometido que estas instituciones llevan a diario, esperemos que la gente acuda masivamente y apoye eventos como este que buscan demostrar que somos gente alegre, din\u00e1mica, participativa, que disfruta el arte en todas sus formas\u201d afirm\u00f3 la Secretaria de Cultura Ana Mar\u00eda Jaramillo Torres.<\/span><\/p>\n<p>Fuente Gobernaci\u00f3n del Valle.<\/p>\n","protected":false},"excerpt":{"rendered":"<p>El viernes cultural evento realizado por la Gobernaci\u00f3n del Valle y la Secretar\u00eda de Cultura del Departamento, se realizar\u00e1 este viernes 24 de julio en el Bulevar del R\u00edo, en la carrera primera entre calle 5\u00aa y 13, como parte de parte de los eventos del cumplea\u00f1os de Santiago de[&#8230;]<\/p>\n","protected":false},"author":1,"featured_media":5583,"comment_status":"open","ping_status":"open","sticky":false,"template":"","format":"standard","meta":{"footnotes":""},"categories":[4],"tags":[],"_links":{"self":[{"href":"https:\/\/emisora.univalle.edu.co\/index.php\/wp-json\/wp\/v2\/posts\/5603"}],"collection":[{"href":"https:\/\/emisora.univalle.edu.co\/index.php\/wp-json\/wp\/v2\/posts"}],"about":[{"href":"https:\/\/emisora.univalle.edu.co\/index.php\/wp-json\/wp\/v2\/types\/post"}],"author":[{"embeddable":true,"href":"https:\/\/emisora.univalle.edu.co\/index.php\/wp-json\/wp\/v2\/users\/1"}],"replies":[{"embeddable":true,"href":"https:\/\/emisora.univalle.edu.co\/index.php\/wp-json\/wp\/v2\/comments?post=5603"}],"version-history":[{"count":1,"href":"https:\/\/emisora.univalle.edu.co\/index.php\/wp-json\/wp\/v2\/posts\/5603\/revisions"}],"predecessor-version":[{"id":5604,"href":"https:\/\/emisora.univalle.edu.co\/index.php\/wp-json\/wp\/v2\/posts\/5603\/revisions\/5604"}],"wp:featuredmedia":[{"embeddable":true,"href":"https:\/\/emisora.univalle.edu.co\/index.php\/wp-json\/wp\/v2\/media\/5583"}],"wp:attachment":[{"href":"https:\/\/emisora.univalle.edu.co\/index.php\/wp-json\/wp\/v2\/media?parent=5603"}],"wp:term":[{"taxonomy":"category","embeddable":true,"href":"https:\/\/emisora.univalle.edu.co\/index.php\/wp-json\/wp\/v2\/categories?post=5603"},{"taxonomy":"post_tag","embeddable":true,"href":"https:\/\/emisora.univalle.edu.co\/index.php\/wp-json\/wp\/v2\/tags?post=5603"}],"curies":[{"name":"wp","href":"https:\/\/api.w.org\/{rel}","templated":true}]}}