{"id":5626,"date":"2015-07-24T15:52:59","date_gmt":"2015-07-24T20:52:59","guid":{"rendered":"https:\/\/emisora.univalle.edu.co\/\/?p=5626"},"modified":"2015-07-24T15:52:59","modified_gmt":"2015-07-24T20:52:59","slug":"biblioteca-del-centenario-105-anos-en-la-vida-cultural-de-cali","status":"publish","type":"post","link":"https:\/\/emisora.univalle.edu.co\/index.php\/biblioteca-del-centenario-105-anos-en-la-vida-cultural-de-cali\/","title":{"rendered":"Biblioteca del Centenario: 105 a\u00f1os en la vida cultural de Cali"},"content":{"rendered":"<p><span style=\"line-height: 1.5em;\">La biblioteca del Centenario, adscrita a la Red de Bibliotecas P\u00fablicas de la Secretar\u00eda de Cultura y Turismo de Cali, celebr\u00f3 su cumplea\u00f1os n\u00famero 105 con una variada programaci\u00f3n.<\/span><\/p>\n<p><span style=\"line-height: 1.5em;\">Los actos fueron disfrutados por sus usuarios y los mismos incluyeron el encuentro con la autora infantil Clara In\u00e9s Oyola, din\u00e1micas de celebraci\u00f3n y reconocimiento como la yincana, muestra art\u00edstica a cargo de la saxofonista Mar\u00eda del Pilar Bustamante y la torta de aniversario.<\/span><\/p>\n<p><span style=\"line-height: 1.5em;\">La biblioteca del Centenario es la m\u00e1s antigua de la ciudad, primera biblioteca p\u00fablica del pa\u00eds y recientemente nombrada bien de inter\u00e9s cultural.<\/span><\/p>\n<p><span style=\"line-height: 1.5em;\">La celebraci\u00f3n del primer centenario de la independencia de Colombia en 1910, trajo a Santiago de Cali la fundaci\u00f3n de la que se constituy\u00f3 en la primera biblioteca p\u00fablica del pa\u00eds, motivo de orgullo para la ciudad, la regi\u00f3n y el pa\u00eds, por la apuesta a un espacio dise\u00f1ado para el fomento del conocimiento y desarrollo de la poblaci\u00f3n, que como sus organizaciones se estaba constituyendo.<\/span><\/p>\n<p><span style=\"line-height: 1.5em;\">En sus espacios aguarda un patrimonio muy importante como es la colecci\u00f3n patrimonial de libros del siglo XIX y principios del siglo XX, adem\u00e1s de algunos ejemplares que datan del a\u00f1o 1661.<\/span><\/p>\n<p><span style=\"line-height: 1.5em;\">En la actualidad, la biblioteca, para mantenerse en contacto con el p\u00fablico y sus usuarios, desarrolla visitas guiadas para instituciones, cine club, talleres de escritura para ni\u00f1os y adultos, recitales, es escenario de lanzamientos de libros, cuenta con un Punto Vive Digital \u2013PVD- y hace pr\u00e9stamos de libros.<\/span><\/p>\n<p><span style=\"line-height: 1.5em;\">\u201cEste espacio lo entendemos como un lugar de convivencia y paz, aqu\u00ed no solo estamos para permitir el acceso a la informaci\u00f3n, sino que tambi\u00e9n para la construcci\u00f3n de ciudadan\u00eda, en procesos de formaci\u00f3n compartida y encuentro de saberes\u201d, indic\u00f3 Mar\u00eda Dolores Mart\u00ednez, coordinadora de la Red de Bibliotecas P\u00fablicas de Santiago de Cali, que re\u00fane 61 espacios bibliotecarios en las comunas y corregimientos del municipio.<\/span><\/p>\n<p><span style=\"line-height: 1.5em;\">La biblioteca p\u00fablica del Centenario fue creada por medio de la Escritura P\u00fablica No. 410 del 20 de julio de 1910 de la Notaria Primera de este circuito e inaugurada especialmente para conmemorar los 100 a\u00f1os de independencia de Colombia.<\/span><\/p>\n<p>Fuente: Comunicaciones Alcald\u00eda<\/p>\n<p>&nbsp;<\/p>\n","protected":false},"excerpt":{"rendered":"<p>La biblioteca del Centenario, adscrita a la Red de Bibliotecas P\u00fablicas de la Secretar\u00eda de Cultura y Turismo de Cali, celebr\u00f3 su cumplea\u00f1os n\u00famero 105 con una variada programaci\u00f3n. Los actos fueron disfrutados por sus usuarios y los mismos incluyeron el encuentro con la autora infantil Clara In\u00e9s Oyola, din\u00e1micas[&#8230;]<\/p>\n","protected":false},"author":1,"featured_media":5613,"comment_status":"open","ping_status":"open","sticky":false,"template":"","format":"standard","meta":{"footnotes":""},"categories":[4],"tags":[],"_links":{"self":[{"href":"https:\/\/emisora.univalle.edu.co\/index.php\/wp-json\/wp\/v2\/posts\/5626"}],"collection":[{"href":"https:\/\/emisora.univalle.edu.co\/index.php\/wp-json\/wp\/v2\/posts"}],"about":[{"href":"https:\/\/emisora.univalle.edu.co\/index.php\/wp-json\/wp\/v2\/types\/post"}],"author":[{"embeddable":true,"href":"https:\/\/emisora.univalle.edu.co\/index.php\/wp-json\/wp\/v2\/users\/1"}],"replies":[{"embeddable":true,"href":"https:\/\/emisora.univalle.edu.co\/index.php\/wp-json\/wp\/v2\/comments?post=5626"}],"version-history":[{"count":1,"href":"https:\/\/emisora.univalle.edu.co\/index.php\/wp-json\/wp\/v2\/posts\/5626\/revisions"}],"predecessor-version":[{"id":5627,"href":"https:\/\/emisora.univalle.edu.co\/index.php\/wp-json\/wp\/v2\/posts\/5626\/revisions\/5627"}],"wp:featuredmedia":[{"embeddable":true,"href":"https:\/\/emisora.univalle.edu.co\/index.php\/wp-json\/wp\/v2\/media\/5613"}],"wp:attachment":[{"href":"https:\/\/emisora.univalle.edu.co\/index.php\/wp-json\/wp\/v2\/media?parent=5626"}],"wp:term":[{"taxonomy":"category","embeddable":true,"href":"https:\/\/emisora.univalle.edu.co\/index.php\/wp-json\/wp\/v2\/categories?post=5626"},{"taxonomy":"post_tag","embeddable":true,"href":"https:\/\/emisora.univalle.edu.co\/index.php\/wp-json\/wp\/v2\/tags?post=5626"}],"curies":[{"name":"wp","href":"https:\/\/api.w.org\/{rel}","templated":true}]}}