{"id":5630,"date":"2015-07-24T15:57:40","date_gmt":"2015-07-24T20:57:40","guid":{"rendered":"https:\/\/emisora.univalle.edu.co\/\/?p=5630"},"modified":"2015-07-24T15:57:40","modified_gmt":"2015-07-24T20:57:40","slug":"este-sabado-cuentos-para-todos-en-las-escalinatas-de-la-biblioteca-departamental","status":"publish","type":"post","link":"https:\/\/emisora.univalle.edu.co\/index.php\/este-sabado-cuentos-para-todos-en-las-escalinatas-de-la-biblioteca-departamental\/","title":{"rendered":"Este s\u00e1bado, cuentos para todos en las escalinatas de la Biblioteca Departamental"},"content":{"rendered":"<p><span style=\"line-height: 1.5em;\">Quimeras literarias se concentrar\u00e1n este s\u00e1bado al anochecer en las escalinatas de la Biblioteca Departamental Jorge Garc\u00e9s Borrero cuando se inaugura el programa social \u201cLos cuentos del t\u00edo Anselmo\u201d, jornada cultural que se extender\u00e1 con tertulias intelectuales por tres Comunas de la capital del Valle del Cauca.<\/span><\/p>\n<p>Se trata de un proyecto a desarrollar en convenio con la Alcald\u00eda de Santiago de Cali con el fin de fomentar el h\u00e1bito lector en la ni\u00f1ez en edad escolar de los barrios Los libertadores y Navarro-La chanca, de la Comuna 3; Alameda y Breta\u00f1a, en la Comuna 9; El Cedro, 3 de julio, Miraflores, San Fernando, Champagnat y Colseguros, de la Comuna 19.<\/p>\n<p>Las historias que contar\u00e1 el t\u00edo Anselmo estar\u00e1n acompa\u00f1adas de llamativas im\u00e1genes en pantalla grande; esta metodolog\u00eda abre un proceso de sensibilizaci\u00f3n e inducci\u00f3n a jornadas de visitas guiadas a la Biblioteca Departamental, un plan de alfabetizaci\u00f3n digital para todos, promoci\u00f3n de lectura en espacios potenciales,\u00a0 animaci\u00f3n literaria en parques, festivales de lectura, semilleros de investigaci\u00f3n en rob\u00f3tica, electr\u00f3nica y astronom\u00eda, adem\u00e1s de un atractivo sistema que se llamar\u00e1 \u201cLo m\u00edo es la lectura\u201d.<\/p>\n<p>Tambi\u00e9n ser\u00e1n vinculados a este proceso de fomento de la lectura los docentes de los sectores mencionados, quienes recibir\u00e1n orientaci\u00f3n sobre el uso de las bibliotecas como herramientas pedag\u00f3gicas para la formaci\u00f3n de estudiantes.<\/p>\n<p>Igualmente, con el mismo objetivo se llevar\u00e1n a cabo encuentros con padres de familia y comunidad en general.<\/p>\n<p>S\u00e1bado 25 de julio &#8211; 6:30 P. M.\u00a0Acceso libre<\/p>\n<p>Fuente: Comunicaciones Gobernaci\u00f3n<\/p>\n","protected":false},"excerpt":{"rendered":"<p>Quimeras literarias se concentrar\u00e1n este s\u00e1bado al anochecer en las escalinatas de la Biblioteca Departamental Jorge Garc\u00e9s Borrero cuando se inaugura el programa social \u201cLos cuentos del t\u00edo Anselmo\u201d, jornada cultural que se extender\u00e1 con tertulias intelectuales por tres Comunas de la capital del Valle del Cauca. Se trata de[&#8230;]<\/p>\n","protected":false},"author":1,"featured_media":5618,"comment_status":"open","ping_status":"open","sticky":false,"template":"","format":"standard","meta":{"footnotes":""},"categories":[4],"tags":[],"_links":{"self":[{"href":"https:\/\/emisora.univalle.edu.co\/index.php\/wp-json\/wp\/v2\/posts\/5630"}],"collection":[{"href":"https:\/\/emisora.univalle.edu.co\/index.php\/wp-json\/wp\/v2\/posts"}],"about":[{"href":"https:\/\/emisora.univalle.edu.co\/index.php\/wp-json\/wp\/v2\/types\/post"}],"author":[{"embeddable":true,"href":"https:\/\/emisora.univalle.edu.co\/index.php\/wp-json\/wp\/v2\/users\/1"}],"replies":[{"embeddable":true,"href":"https:\/\/emisora.univalle.edu.co\/index.php\/wp-json\/wp\/v2\/comments?post=5630"}],"version-history":[{"count":1,"href":"https:\/\/emisora.univalle.edu.co\/index.php\/wp-json\/wp\/v2\/posts\/5630\/revisions"}],"predecessor-version":[{"id":5631,"href":"https:\/\/emisora.univalle.edu.co\/index.php\/wp-json\/wp\/v2\/posts\/5630\/revisions\/5631"}],"wp:featuredmedia":[{"embeddable":true,"href":"https:\/\/emisora.univalle.edu.co\/index.php\/wp-json\/wp\/v2\/media\/5618"}],"wp:attachment":[{"href":"https:\/\/emisora.univalle.edu.co\/index.php\/wp-json\/wp\/v2\/media?parent=5630"}],"wp:term":[{"taxonomy":"category","embeddable":true,"href":"https:\/\/emisora.univalle.edu.co\/index.php\/wp-json\/wp\/v2\/categories?post=5630"},{"taxonomy":"post_tag","embeddable":true,"href":"https:\/\/emisora.univalle.edu.co\/index.php\/wp-json\/wp\/v2\/tags?post=5630"}],"curies":[{"name":"wp","href":"https:\/\/api.w.org\/{rel}","templated":true}]}}