{"id":5648,"date":"2015-07-27T14:49:13","date_gmt":"2015-07-27T19:49:13","guid":{"rendered":"https:\/\/emisora.univalle.edu.co\/\/?p=5648"},"modified":"2015-07-27T14:49:13","modified_gmt":"2015-07-27T19:49:13","slug":"en-guacari-xx-festival-latinoamericano-de-danzas-folcloricas-del-7-al-9-de-agosto","status":"publish","type":"post","link":"https:\/\/emisora.univalle.edu.co\/index.php\/en-guacari-xx-festival-latinoamericano-de-danzas-folcloricas-del-7-al-9-de-agosto\/","title":{"rendered":"En Guacar\u00ed XX Festival Latinoamericano de Danzas Folcl\u00f3ricas, del 7 al 9 de agosto"},"content":{"rendered":"<p><span style=\"line-height: 1.5em;\">El Municipio de Guacar\u00ed ser\u00e1 el epicentro del XX Festival Latinoamericano de Danzas Folcl\u00f3ricas \u00abMyriam Saavedra Rizo\u00bb que se realizar\u00e1 del 7 al 9 de Agosto del 2015, el lanzamiento del evento se hizo en la gobernaci\u00f3n del Valle del Cauca con la presencia de los medios de comunicaci\u00f3n y comunidad en general.<\/span><\/p>\n<p>La Secretaria de Cultura del Departamento Ana Mar\u00eda Jaramillo dijo que participar\u00e1n 11 delegaciones 3 de ellas nacionales y el resto de talla internacional.<\/p>\n<p>\u201cEs importante promover el desarrollo de expresiones art\u00edsticas como la danza y la m\u00fasica para combatir el ocio y generar espacios de integraci\u00f3n familiar y encuentro social\u201d, asever\u00f3 la funcionaria.<\/p>\n<p>En la jornada los asistentes pudieron deleitarse con puestas escenas por parte de diferentes agrupaciones de danzas de las delegaciones interpretando manifestaciones propias de nuestra tierra y de culturas de los pa\u00edses latinoamericanos.<\/p>\n<p>El Festival Latinoamericano de Danzas Folcl\u00f3ricas \u00a8Myriam Saavedra Rizo\u00a8 tambi\u00e9n presentar\u00e1 un festival para los infantes y es un evento popular, definido y caracterizado como una oportunidad de encuentro danc\u00edstico, que preserva la pluralidad y diversidad de los pueblos, mediante el intercambio reciproco de saberes y costumbres, afirm\u00f3 Carlos Ruge, secretario de Educaci\u00f3n y Cultura de Guacar\u00ed.<\/p>\n<p>Fuente: Comunicaciones Gobernaci\u00f3n<\/p>\n","protected":false},"excerpt":{"rendered":"<p>El Municipio de Guacar\u00ed ser\u00e1 el epicentro del XX Festival Latinoamericano de Danzas Folcl\u00f3ricas \u00abMyriam Saavedra Rizo\u00bb que se realizar\u00e1 del 7 al 9 de Agosto del 2015, el lanzamiento del evento se hizo en la gobernaci\u00f3n del Valle del Cauca con la presencia de los medios de comunicaci\u00f3n y[&#8230;]<\/p>\n","protected":false},"author":1,"featured_media":5642,"comment_status":"open","ping_status":"open","sticky":false,"template":"","format":"standard","meta":{"footnotes":""},"categories":[4],"tags":[],"_links":{"self":[{"href":"https:\/\/emisora.univalle.edu.co\/index.php\/wp-json\/wp\/v2\/posts\/5648"}],"collection":[{"href":"https:\/\/emisora.univalle.edu.co\/index.php\/wp-json\/wp\/v2\/posts"}],"about":[{"href":"https:\/\/emisora.univalle.edu.co\/index.php\/wp-json\/wp\/v2\/types\/post"}],"author":[{"embeddable":true,"href":"https:\/\/emisora.univalle.edu.co\/index.php\/wp-json\/wp\/v2\/users\/1"}],"replies":[{"embeddable":true,"href":"https:\/\/emisora.univalle.edu.co\/index.php\/wp-json\/wp\/v2\/comments?post=5648"}],"version-history":[{"count":1,"href":"https:\/\/emisora.univalle.edu.co\/index.php\/wp-json\/wp\/v2\/posts\/5648\/revisions"}],"predecessor-version":[{"id":5649,"href":"https:\/\/emisora.univalle.edu.co\/index.php\/wp-json\/wp\/v2\/posts\/5648\/revisions\/5649"}],"wp:featuredmedia":[{"embeddable":true,"href":"https:\/\/emisora.univalle.edu.co\/index.php\/wp-json\/wp\/v2\/media\/5642"}],"wp:attachment":[{"href":"https:\/\/emisora.univalle.edu.co\/index.php\/wp-json\/wp\/v2\/media?parent=5648"}],"wp:term":[{"taxonomy":"category","embeddable":true,"href":"https:\/\/emisora.univalle.edu.co\/index.php\/wp-json\/wp\/v2\/categories?post=5648"},{"taxonomy":"post_tag","embeddable":true,"href":"https:\/\/emisora.univalle.edu.co\/index.php\/wp-json\/wp\/v2\/tags?post=5648"}],"curies":[{"name":"wp","href":"https:\/\/api.w.org\/{rel}","templated":true}]}}