{"id":5650,"date":"2015-07-27T14:50:21","date_gmt":"2015-07-27T19:50:21","guid":{"rendered":"https:\/\/emisora.univalle.edu.co\/\/?p=5650"},"modified":"2015-07-27T14:50:21","modified_gmt":"2015-07-27T19:50:21","slug":"este-martes-inicia-festival-audiovisual-takeshima","status":"publish","type":"post","link":"https:\/\/emisora.univalle.edu.co\/index.php\/este-martes-inicia-festival-audiovisual-takeshima\/","title":{"rendered":"Este martes inicia festival audiovisual Takeshima"},"content":{"rendered":"<p><span style=\"line-height: 1.5em;\">Con la proyecci\u00f3n de producciones nacionales e internacionales, llega este martes 28 de julio, el 8\u00b0 Festival Audiovisual Estudios Takeshima, que la Secretar\u00eda de Cultura y Turismo de Santiago de Cali realiza a trav\u00e9s de sus Estudios de Grabaci\u00f3n.<\/span><\/p>\n<p>Con la tem\u00e1tica &#8216;Cine a Cuadros&#8217;,\u00a0 este certamen llega con proyecciones gratuitas en diferentes puntos de la ciudad.<\/p>\n<p>El Festival estar\u00e1 en el Museo Religioso en la Cinemateca La Tertulia, La Videoteca Municipal, la Universidad Aut\u00f3noma, la Biblioteca Departamental, las centrales did\u00e1cticas del Poblado, La Casona, El Vallado y el Centro de Emprendimiento Cultural de la Comuna 13.<\/p>\n<p>M\u00e1s de cien productos audiovisuales; la selecci\u00f3n incluye la muestra de cine alem\u00e1n del festival Agosto Colombo Alem\u00e1n (ACA), una selecci\u00f3n de cine al barrio del Festival Internacional de Cine de Cartagena, otra del Festival de Cortometrajes y Escuelas de cine El Espejo de Bogot\u00e1, documentales de derechos humanos \u201cDerecho a Ver\u201d, una muestra de la videoteca rodante de la Cinemateca Distrital de Bogot\u00e1, los mejores trabajos ganadores en \u201cThe 48 Hour Film Project\u201d y los nuevos trabajos audiovisuales de Estudios Takeshima.<\/p>\n<p>Adicionalmente hasta el 31 de Julio, se desarrollar\u00e1 una exposici\u00f3n permanente de fotograf\u00eda en el Museo de Arte Religioso; con una recopilaci\u00f3n fotogr\u00e1fica de los invitados especiales al Festival: Carolina Navas, Eduardo Carvajal y Rodrigo Lalinde, reconocidos y destacados directores de fotograf\u00eda en el cine colombiano.<\/p>\n<p>Sus conversatorios estar\u00e1n acompa\u00f1ados de grandes producciones cinematogr\u00e1ficas como \u2018La Mansi\u00f3n de Araucaima\u2019, recientemente restaurada por Patrimonio F\u00edlmico y \u2018La Sirga\u2019, entre otras proyecciones.\u00a0 Como moderador en las charlas participar\u00e1 el cineasta cale\u00f1o Rodrigo Vidal.<\/p>\n<p>Fuente: Secretar\u00eda de Cultura Municipal<\/p>\n","protected":false},"excerpt":{"rendered":"<p>Con la proyecci\u00f3n de producciones nacionales e internacionales, llega este martes 28 de julio, el 8\u00b0 Festival Audiovisual Estudios Takeshima, que la Secretar\u00eda de Cultura y Turismo de Santiago de Cali realiza a trav\u00e9s de sus Estudios de Grabaci\u00f3n. Con la tem\u00e1tica &#8216;Cine a Cuadros&#8217;,\u00a0 este certamen llega con proyecciones[&#8230;]<\/p>\n","protected":false},"author":1,"featured_media":5643,"comment_status":"open","ping_status":"open","sticky":false,"template":"","format":"standard","meta":{"footnotes":""},"categories":[4],"tags":[],"_links":{"self":[{"href":"https:\/\/emisora.univalle.edu.co\/index.php\/wp-json\/wp\/v2\/posts\/5650"}],"collection":[{"href":"https:\/\/emisora.univalle.edu.co\/index.php\/wp-json\/wp\/v2\/posts"}],"about":[{"href":"https:\/\/emisora.univalle.edu.co\/index.php\/wp-json\/wp\/v2\/types\/post"}],"author":[{"embeddable":true,"href":"https:\/\/emisora.univalle.edu.co\/index.php\/wp-json\/wp\/v2\/users\/1"}],"replies":[{"embeddable":true,"href":"https:\/\/emisora.univalle.edu.co\/index.php\/wp-json\/wp\/v2\/comments?post=5650"}],"version-history":[{"count":1,"href":"https:\/\/emisora.univalle.edu.co\/index.php\/wp-json\/wp\/v2\/posts\/5650\/revisions"}],"predecessor-version":[{"id":5651,"href":"https:\/\/emisora.univalle.edu.co\/index.php\/wp-json\/wp\/v2\/posts\/5650\/revisions\/5651"}],"wp:featuredmedia":[{"embeddable":true,"href":"https:\/\/emisora.univalle.edu.co\/index.php\/wp-json\/wp\/v2\/media\/5643"}],"wp:attachment":[{"href":"https:\/\/emisora.univalle.edu.co\/index.php\/wp-json\/wp\/v2\/media?parent=5650"}],"wp:term":[{"taxonomy":"category","embeddable":true,"href":"https:\/\/emisora.univalle.edu.co\/index.php\/wp-json\/wp\/v2\/categories?post=5650"},{"taxonomy":"post_tag","embeddable":true,"href":"https:\/\/emisora.univalle.edu.co\/index.php\/wp-json\/wp\/v2\/tags?post=5650"}],"curies":[{"name":"wp","href":"https:\/\/api.w.org\/{rel}","templated":true}]}}