{"id":5656,"date":"2015-07-27T14:56:06","date_gmt":"2015-07-27T19:56:06","guid":{"rendered":"https:\/\/emisora.univalle.edu.co\/\/?p=5656"},"modified":"2015-07-27T14:57:19","modified_gmt":"2015-07-27T19:57:19","slug":"ex-director-de-cepal-habla-de-exclusion-y-pobreza","status":"publish","type":"post","link":"https:\/\/emisora.univalle.edu.co\/index.php\/ex-director-de-cepal-habla-de-exclusion-y-pobreza\/","title":{"rendered":"Ex director de Cepal habla de exclusi\u00f3n y pobreza"},"content":{"rendered":"<p><span style=\"line-height: 1.5em;\">El reconocido soci\u00f3logo argentino y ex director de la CEPAL Uruguay, Rub\u00e9n Katzman, dicta este lunes a las 8:30 de la ma\u00f1ana en el sal\u00f3n 1 (s\u00f3tano) del edificio \u201cSantiago Renjifo\u201d de la Universidad del Valle, campus San Fernando, la conferencia \u201cVulnerabilidad a la pobreza y a la exclusi\u00f3n social. El papel de la segregaci\u00f3n espacial urbana\u201d.<\/span><\/p>\n<p>Con la intervenci\u00f3n de Katzman se da inicio al Curso de Verano \u201cPobreza y Vulnerabilidad Social. An\u00e1lisis de Estructuras Sociales Urbanas\u201d, que ir\u00e1 del 27 al 29 de julio en el marco del Programa Internacional de Actualizaci\u00f3n en Salud P\u00fablica (PAS), de la Escuela de Salud P\u00fablica de la Universidad del Valle.<\/p>\n<p>El curso est\u00e1 dirigido a profesionales del \u00e1rea de la salud, las ciencias sociales y humanas, ciencias econ\u00f3micas y de la administraci\u00f3n, entre otras, interesados en fortalecer sus competencias en el an\u00e1lisis de los aspectos estructurales que determinan el bienestar de las poblaciones, desde una visi\u00f3n interdisciplinaria e intersectorial.<\/p>\n<p>De acuerdo con sus organizadores, el inter\u00e9s de ofrecer este curso radica en la convicci\u00f3n de que solo ser\u00e1 posible conseguir niveles aceptables de salud cuando mejoren las condiciones de vida de las personas, los grupos, las regiones y los pa\u00edses.<\/p>\n<p>El profesor Katzman cuenta con posgrados en Flacso y en la Universidad de Berkeley (California). Durante 25 a\u00f1os se desempe\u00f1\u00f3 como funcionario de la CEPAL, y en la \u00faltima d\u00e9cada fue el director de este organismo en Uruguay.<\/p>\n<p>Katzman tambi\u00e9n ha sido director del Instituto de Estudios de Pobreza y Exclusi\u00f3n (IPE) de la Universidad Cat\u00f3lica del Uruguay. Actualmente es consultor de diversos organismos internacionales.<\/p>\n<p>Durante su conferencia en la capital del Valle, Katzman abordar\u00e1 el fen\u00f3meno de la concentraci\u00f3n de la pobreza en el espacio urbano latinoamericano y c\u00f3mo esto ha incidido en su endurecimiento y perpetuaci\u00f3n.<\/p>\n<p>Presentar\u00e1, adem\u00e1s, algunas conclusiones sobre el papel que pueden estar desempe\u00f1ando los procesos de segregaci\u00f3n urbana en las posibilidades de alcanzar mayores niveles de equidad en la estructura social de las ciudades.<\/p>\n<p>Seg\u00fan el investigador, el aumento de la pobreza en Am\u00e9rica Latina est\u00e1 asociado a un cambio significativo en sus caracter\u00edsticas. En sus trabajos acad\u00e9micos ha descrito los v\u00ednculos entre pobreza y el cambio en la morfolog\u00eda de las ciudades y las profundas transformaciones que afectan el tejido social en las urbes.<\/p>\n<p>Seg\u00fan el investigador, hay transformaciones sociales de largo plazo que no son tan visibles y que han deteriorado los mecanismos que podr\u00edan permitir a muchas familias superar la pobreza. Entre ellas, segmentaciones crecientes en la calidad de los servicios a los que acceden las distintas clases sociales \u2013salud, educaci\u00f3n, vivienda-, junto con un aumento de la concentraci\u00f3n de los hogares pobres en el territorio urbano.<\/p>\n<p>En sus trabajos, el profesor Katzman otorga gran importancia a los efectos del entorno social de los lugares de residencia sobre las posibilidades que tienen las personas y los hogares pobres de mejorar sus condiciones de vida.<\/p>\n<p>Seg\u00fan el Doctor Katzman, los vecindarios son contextos ecol\u00f3gicos que median en el acceso de las personas a las fuentes m\u00e1s importantes de activos f\u00edsicos, sociales o humanos provenientes del mercado, el Estado y la comunidad.<\/p>\n<p>Lo que se observa, por un lado, es el estrechamiento progresivo de los \u00e1mbitos de interacci\u00f3n con otras clases sociales y por otro, un aumento de las diferencias entre los barrios pobres y el resto de los barrios de la ciudad, en cuanto a la calidad de los servicios y de las instituciones, se\u00f1ala en sus publicaciones.<\/p>\n<p>La entrada es libre.<\/p>\n<p>HORA: 8:30 a 10:30 a.m.<\/p>\n<p>LUGAR: Sal\u00f3n 1 (s\u00f3tano) del edificio de la Escuela de Salud P\u00fablica, \u201cSantiago Renjifo\u201d\u00a0\u00a0 (118), Universidad del Valle Campus San Fernando.<\/p>\n<p>ORGANIZAN: Profesores Constanza D\u00edaz y Nicol\u00e1s Ortiz de la L\u00ednea de Investigaci\u00f3n en Pobreza, Vulnerabilidad Social, Exclusi\u00f3n y Salud, de la Escuela de Salud P\u00fablica de la Universidad del Valle.<\/p>\n<p>INFORMACI\u00d3N: Oficina de Extensi\u00f3n y Proyecci\u00f3n Social, Escuela de Salud P\u00fablica, Edificio 118, sede San Fernando. Tel\u00e9fonos: (57 2) 5542476\u00a0 5542458\u00a0 &#8211; Fax 5570425. Universidad del Valle, sede San Fernando, calle 4b N\u00ba 36\u201300,\u00a0 Cali (Colombia).<\/p>\n<p>Fuente: Agencia de Noticias Univalle<\/p>\n","protected":false},"excerpt":{"rendered":"<p>El reconocido soci\u00f3logo argentino y ex director de la CEPAL Uruguay, Rub\u00e9n Katzman, dicta este lunes a las 8:30 de la ma\u00f1ana en el sal\u00f3n 1 (s\u00f3tano) del edificio \u201cSantiago Renjifo\u201d de la Universidad del Valle, campus San Fernando, la conferencia \u201cVulnerabilidad a la pobreza y a la exclusi\u00f3n social.[&#8230;]<\/p>\n","protected":false},"author":1,"featured_media":5641,"comment_status":"open","ping_status":"open","sticky":false,"template":"","format":"standard","meta":{"footnotes":""},"categories":[4],"tags":[],"_links":{"self":[{"href":"https:\/\/emisora.univalle.edu.co\/index.php\/wp-json\/wp\/v2\/posts\/5656"}],"collection":[{"href":"https:\/\/emisora.univalle.edu.co\/index.php\/wp-json\/wp\/v2\/posts"}],"about":[{"href":"https:\/\/emisora.univalle.edu.co\/index.php\/wp-json\/wp\/v2\/types\/post"}],"author":[{"embeddable":true,"href":"https:\/\/emisora.univalle.edu.co\/index.php\/wp-json\/wp\/v2\/users\/1"}],"replies":[{"embeddable":true,"href":"https:\/\/emisora.univalle.edu.co\/index.php\/wp-json\/wp\/v2\/comments?post=5656"}],"version-history":[{"count":3,"href":"https:\/\/emisora.univalle.edu.co\/index.php\/wp-json\/wp\/v2\/posts\/5656\/revisions"}],"predecessor-version":[{"id":5659,"href":"https:\/\/emisora.univalle.edu.co\/index.php\/wp-json\/wp\/v2\/posts\/5656\/revisions\/5659"}],"wp:featuredmedia":[{"embeddable":true,"href":"https:\/\/emisora.univalle.edu.co\/index.php\/wp-json\/wp\/v2\/media\/5641"}],"wp:attachment":[{"href":"https:\/\/emisora.univalle.edu.co\/index.php\/wp-json\/wp\/v2\/media?parent=5656"}],"wp:term":[{"taxonomy":"category","embeddable":true,"href":"https:\/\/emisora.univalle.edu.co\/index.php\/wp-json\/wp\/v2\/categories?post=5656"},{"taxonomy":"post_tag","embeddable":true,"href":"https:\/\/emisora.univalle.edu.co\/index.php\/wp-json\/wp\/v2\/tags?post=5656"}],"curies":[{"name":"wp","href":"https:\/\/api.w.org\/{rel}","templated":true}]}}