{"id":5660,"date":"2015-07-27T15:07:15","date_gmt":"2015-07-27T20:07:15","guid":{"rendered":"https:\/\/emisora.univalle.edu.co\/\/?p=5660"},"modified":"2015-07-27T15:07:50","modified_gmt":"2015-07-27T20:07:50","slug":"imfivalle-realizara-congreso-con-todos-los-infis-del-pais-en-el-mes-de-agosto","status":"publish","type":"post","link":"https:\/\/emisora.univalle.edu.co\/index.php\/imfivalle-realizara-congreso-con-todos-los-infis-del-pais-en-el-mes-de-agosto\/","title":{"rendered":"Imfivalle realizar\u00e1 Congreso con todos los INFIS del Pa\u00eds en el mes de Agosto"},"content":{"rendered":"<p><b>INFIVALLE realizar\u00e1 Congreso con todos los INFIS del Pa\u00eds en el mes de Agosto<\/b><\/p>\n<p>La Gobernaci\u00f3n del Valle del Cauca a trav\u00e9s del Instituto Financiero para el Desarrollo del Valle del Cauca \u2013 Infivalle realizar\u00e1 en el mes de agosto un congreso nacional con todos los institutos financieros del pa\u00eds, con el fin de socializar la parte econ\u00f3mica y financiera regional que manejan estas entidades. La convocatoria es una iniciativa del gerente de INFIVALLE Giovanni Ram\u00edrez Cabrera<\/p>\n<p>Para Ram\u00edrez Cabrera, quien tambi\u00e9n preside la Asociaci\u00f3n Nacional de INFIS \u2013 Asoinfis, \u201ceste Congreso es de suma importancia para los estamentos econ\u00f3micos regionales, porque participar\u00e1n aproximadamente 10 institutos financieros y todos los entes nacionales como el Ministerio de Hacienda, Asobancaria y Findeter. Las noticias que recibiremos de todos los institutos, servir\u00e1n para poner acorde la tonalidad de toda la parte financiera que se mueve a nivel estatal y aprovechar todo el tema de regal\u00edas que se viene, tema que estamos trabajando t\u00edmidamente pero que con la reciprocidad de todos los institutos, el beneficio ser\u00e1 en general para todos los departamentos\u201d.<\/p>\n<p>El Congreso ser\u00eda presidido por el Gobernador de los vallecaucanos Ubeimar Delgado Bland\u00f3n, quien desde su administraci\u00f3n apoya permanentemente los procesos que adelanta el Instituto Financiero para el Desarrollo del Valle del Cauca \u2013 Infivalle.<\/p>\n<p>Fuente: Comunicaciones Gobernaci\u00f3n<\/p>\n","protected":false},"excerpt":{"rendered":"<p>INFIVALLE realizar\u00e1 Congreso con todos los INFIS del Pa\u00eds en el mes de Agosto La Gobernaci\u00f3n del Valle del Cauca a trav\u00e9s del Instituto Financiero para el Desarrollo del Valle del Cauca \u2013 Infivalle realizar\u00e1 en el mes de agosto un congreso nacional con todos los institutos financieros del pa\u00eds,[&#8230;]<\/p>\n","protected":false},"author":1,"featured_media":5644,"comment_status":"open","ping_status":"open","sticky":false,"template":"","format":"standard","meta":{"footnotes":""},"categories":[4],"tags":[],"_links":{"self":[{"href":"https:\/\/emisora.univalle.edu.co\/index.php\/wp-json\/wp\/v2\/posts\/5660"}],"collection":[{"href":"https:\/\/emisora.univalle.edu.co\/index.php\/wp-json\/wp\/v2\/posts"}],"about":[{"href":"https:\/\/emisora.univalle.edu.co\/index.php\/wp-json\/wp\/v2\/types\/post"}],"author":[{"embeddable":true,"href":"https:\/\/emisora.univalle.edu.co\/index.php\/wp-json\/wp\/v2\/users\/1"}],"replies":[{"embeddable":true,"href":"https:\/\/emisora.univalle.edu.co\/index.php\/wp-json\/wp\/v2\/comments?post=5660"}],"version-history":[{"count":2,"href":"https:\/\/emisora.univalle.edu.co\/index.php\/wp-json\/wp\/v2\/posts\/5660\/revisions"}],"predecessor-version":[{"id":5662,"href":"https:\/\/emisora.univalle.edu.co\/index.php\/wp-json\/wp\/v2\/posts\/5660\/revisions\/5662"}],"wp:featuredmedia":[{"embeddable":true,"href":"https:\/\/emisora.univalle.edu.co\/index.php\/wp-json\/wp\/v2\/media\/5644"}],"wp:attachment":[{"href":"https:\/\/emisora.univalle.edu.co\/index.php\/wp-json\/wp\/v2\/media?parent=5660"}],"wp:term":[{"taxonomy":"category","embeddable":true,"href":"https:\/\/emisora.univalle.edu.co\/index.php\/wp-json\/wp\/v2\/categories?post=5660"},{"taxonomy":"post_tag","embeddable":true,"href":"https:\/\/emisora.univalle.edu.co\/index.php\/wp-json\/wp\/v2\/tags?post=5660"}],"curies":[{"name":"wp","href":"https:\/\/api.w.org\/{rel}","templated":true}]}}