{"id":5671,"date":"2015-07-27T15:18:18","date_gmt":"2015-07-27T20:18:18","guid":{"rendered":"https:\/\/emisora.univalle.edu.co\/\/?p=5671"},"modified":"2015-07-27T15:18:18","modified_gmt":"2015-07-27T20:18:18","slug":"gobernador-ubeimar-delgado-pide-al-director-del-huv-hacerse-un-costado-2","status":"publish","type":"post","link":"https:\/\/emisora.univalle.edu.co\/index.php\/gobernador-ubeimar-delgado-pide-al-director-del-huv-hacerse-un-costado-2\/","title":{"rendered":"Gobernador Ubeimar Delgado pide al director del HUV hacerse a un costado"},"content":{"rendered":"<p><span style=\"line-height: 1.5em;\">El Gobernador Ubeimar Delgado Bland\u00f3n en su programa institucional de la Gobernaci\u00f3n \u201cBien Hecho\u201d que se transmite por el canal regional Telepac\u00edfico, mostr\u00f3 su preocupaci\u00f3n por la crisis que atraviesa el Hospital Universitario del Valle.<\/span><\/p>\n<p>\u201cMe preocupa mucho la situaci\u00f3n del hospital departamental HUV, nosotros designamos al Doctor Jaime Rubiano de una terna que nos pas\u00f3 la universidad del Valle; hace alg\u00fan tiempo yo le ped\u00ed al doctor Jaime Rubiano que prescindiera de los servicios de una directora administrativa que caus\u00f3 mucho ruido, porque ha habido ruido de corrupci\u00f3n en el Hospital. Finalmente el gerente la sac\u00f3 pero el Sindicato y varia gente\u00a0 dice que ella est\u00e1 tras bambalinas manejando negocios en el Hospital<\/p>\n<p>Yo quiero decirle a los vallecaucanos y vallecaucanas: ni el secretario de Salud del Departamento ni el Gobernador del Valle, Ubeimar Delgado tienen absolutamente nada que ver con la administraci\u00f3n del doctor Jaime Rubiano. Le hemos hecho observaciones,\u00a0 es muy terco y la verdad que el Hospital tiene autonom\u00eda administrativa y financiera. Por ac\u00e1 por el despacho del Gobernador, ni del secretario de Salud pasan sus decisiones administrativas y de verdad la preocupaci\u00f3n que tenemos es de una muy mala administraci\u00f3n, por eso me toca decirle a los vallecaucanos y a las vallecaucanas que ni el gobernador ni el secretario de Salud asume la responsabilidad de todas las\u00a0 firmas de los contratos de tercerizaci\u00f3n que ha asumido el gerente Jaime Rubiano.<\/p>\n<p>Yo, del Doctor Jaime Rubiano, si tuviera un poco m\u00e1s de seriedad\u00a0 en el compromiso con los vallecaucanos, har\u00eda un paso al costado porque se nos ha vendi\u00f3 el mundo encima, porque el Doctor Jaime Rubiano no ha sido un buen administrador del hospital, lamentablemente hay que reconocerlo y lo reconozco hoy por la crisis que est\u00e1 viviendo el Hospital Universitario del Valle.<\/p>\n<p>Existe mucho ruido de corrupci\u00f3n en el hospital y por eso tiene que salir el doctor Jaime Rubiano ha explicarlo \u00e9l, porque \u00e9l es el responsable, no nosotros\u201d, puntualiz\u00f3 Ubeimar Delgado Bland\u00f3n.<\/p>\n<p>Por su parte el secretario de Salud del Valle, Fernando Guti\u00e9rrez\u00a0 indic\u00f3 que, \u201chemos trasladado a los entes de control todos los documentos que nos env\u00edan los sindicatos, los trabajadores\u00a0 del hospital, al Ministerio tambi\u00e9n han llegado y esperamos que haya un pronunciamiento pronto porque eso nos compromete much\u00edsimo; la junta directiva tiene unas responsabilidades pero la administraci\u00f3n est\u00e1 en cabeza del gerente\u201d, finaliz\u00f3 Guti\u00e9rrez.<\/p>\n<p>El Secretario aclar\u00f3 que la Gobernaci\u00f3n no le debe al HUV, \u201chay actas de liquidaci\u00f3n con los hospitales y no existe un t\u00edtulo para que el Hospital le cobre la Gobernaci\u00f3n, ya le dije al Doctor Rubiano: la Gobernaci\u00f3n no le debe esos recursos porque estar\u00edamos incurriendo al Gobernador\u00a0 en pago de lo no debido y lo estar\u00edamos llevando a una conducta ilegal en t\u00e9rminos de la contrataci\u00f3n, tambi\u00e9n hay una irresponsabilidad de ventilar ese tema.\u00a0 Nosotros desde la Gobernaci\u00f3n estamos comprometido con el Hospital y estamos liderando en Bogot\u00e1 posibilidades financieras para el HUV, pero no podemos arriar las bandera que la Gobernaci\u00f3n le debe 120 mil millones pesos porque all\u00ed hay una irresponsabilidad; estamos en proceso de pagar $13000 millones que ya estamos gestionando con Hacienda para el respectivo pago, anot\u00f3 el Secretario de Salud.<\/p>\n<p>Fuente: Comunicaciones Gobernaci\u00f3n<\/p>\n","protected":false},"excerpt":{"rendered":"<p>El Gobernador Ubeimar Delgado Bland\u00f3n en su programa institucional de la Gobernaci\u00f3n \u201cBien Hecho\u201d que se transmite por el canal regional Telepac\u00edfico, mostr\u00f3 su preocupaci\u00f3n por la crisis que atraviesa el Hospital Universitario del Valle. \u201cMe preocupa mucho la situaci\u00f3n del hospital departamental HUV, nosotros designamos al Doctor Jaime Rubiano[&#8230;]<\/p>\n","protected":false},"author":1,"featured_media":2360,"comment_status":"open","ping_status":"open","sticky":false,"template":"","format":"standard","meta":{"footnotes":""},"categories":[4],"tags":[],"_links":{"self":[{"href":"https:\/\/emisora.univalle.edu.co\/index.php\/wp-json\/wp\/v2\/posts\/5671"}],"collection":[{"href":"https:\/\/emisora.univalle.edu.co\/index.php\/wp-json\/wp\/v2\/posts"}],"about":[{"href":"https:\/\/emisora.univalle.edu.co\/index.php\/wp-json\/wp\/v2\/types\/post"}],"author":[{"embeddable":true,"href":"https:\/\/emisora.univalle.edu.co\/index.php\/wp-json\/wp\/v2\/users\/1"}],"replies":[{"embeddable":true,"href":"https:\/\/emisora.univalle.edu.co\/index.php\/wp-json\/wp\/v2\/comments?post=5671"}],"version-history":[{"count":1,"href":"https:\/\/emisora.univalle.edu.co\/index.php\/wp-json\/wp\/v2\/posts\/5671\/revisions"}],"predecessor-version":[{"id":5672,"href":"https:\/\/emisora.univalle.edu.co\/index.php\/wp-json\/wp\/v2\/posts\/5671\/revisions\/5672"}],"wp:featuredmedia":[{"embeddable":true,"href":"https:\/\/emisora.univalle.edu.co\/index.php\/wp-json\/wp\/v2\/media\/2360"}],"wp:attachment":[{"href":"https:\/\/emisora.univalle.edu.co\/index.php\/wp-json\/wp\/v2\/media?parent=5671"}],"wp:term":[{"taxonomy":"category","embeddable":true,"href":"https:\/\/emisora.univalle.edu.co\/index.php\/wp-json\/wp\/v2\/categories?post=5671"},{"taxonomy":"post_tag","embeddable":true,"href":"https:\/\/emisora.univalle.edu.co\/index.php\/wp-json\/wp\/v2\/tags?post=5671"}],"curies":[{"name":"wp","href":"https:\/\/api.w.org\/{rel}","templated":true}]}}