{"id":5695,"date":"2015-07-28T11:35:46","date_gmt":"2015-07-28T16:35:46","guid":{"rendered":"https:\/\/emisora.univalle.edu.co\/\/?p=5695"},"modified":"2015-07-28T11:35:46","modified_gmt":"2015-07-28T16:35:46","slug":"cali-contara-con-salas-de-lactancia-materna-en-la-red-de-salud-publica","status":"publish","type":"post","link":"https:\/\/emisora.univalle.edu.co\/index.php\/cali-contara-con-salas-de-lactancia-materna-en-la-red-de-salud-publica\/","title":{"rendered":"Cali contar\u00e1 con salas de lactancia materna en la Red de Salud P\u00fablica"},"content":{"rendered":"<p><span style=\"line-height: 1.5em;\">La Alcald\u00eda de Santiago de Cali, a trav\u00e9s de la Secretar\u00eda de Salud P\u00fablica Municipal, har\u00e1 la entrega de una primera Sala de Lactancia Materna, que estar\u00e1 ubicada en el Hospital Carlos Carmona de la ESE Sur Oriente.<\/span><\/p>\n<p><span style=\"line-height: 1.5em;\">Se tiene previsto en pr\u00f3ximas semanas la puesta cuatro m\u00e1s: una en la ESE Norte, en el Hospital Joaqu\u00edn Paz Borrero; otra en la ESE Centro, en el Hospital Primitivo Iglesias, una tercera en la ESE Ladera, en el Hospital Ca\u00f1averalejo, y otra en la ESE Oriente, en el Hospital Carlos Holmes Trujillo.<\/span><\/p>\n<p>Fecha: mi\u00e9rcoles 29 de julio<\/p>\n<p>Lugar: Hospital Carlos Carmona<\/p>\n<p>Calle 39 con carrera 43 esquina<\/p>\n<p>Hora: 9:30 am<\/p>\n<p>Fuente: Comunicaciones Alcald\u00eda<\/p>\n","protected":false},"excerpt":{"rendered":"<p>La Alcald\u00eda de Santiago de Cali, a trav\u00e9s de la Secretar\u00eda de Salud P\u00fablica Municipal, har\u00e1 la entrega de una primera Sala de Lactancia Materna, que estar\u00e1 ubicada en el Hospital Carlos Carmona de la ESE Sur Oriente. Se tiene previsto en pr\u00f3ximas semanas la puesta cuatro m\u00e1s: una en[&#8230;]<\/p>\n","protected":false},"author":1,"featured_media":5692,"comment_status":"open","ping_status":"open","sticky":false,"template":"","format":"standard","meta":{"footnotes":""},"categories":[4],"tags":[],"_links":{"self":[{"href":"https:\/\/emisora.univalle.edu.co\/index.php\/wp-json\/wp\/v2\/posts\/5695"}],"collection":[{"href":"https:\/\/emisora.univalle.edu.co\/index.php\/wp-json\/wp\/v2\/posts"}],"about":[{"href":"https:\/\/emisora.univalle.edu.co\/index.php\/wp-json\/wp\/v2\/types\/post"}],"author":[{"embeddable":true,"href":"https:\/\/emisora.univalle.edu.co\/index.php\/wp-json\/wp\/v2\/users\/1"}],"replies":[{"embeddable":true,"href":"https:\/\/emisora.univalle.edu.co\/index.php\/wp-json\/wp\/v2\/comments?post=5695"}],"version-history":[{"count":1,"href":"https:\/\/emisora.univalle.edu.co\/index.php\/wp-json\/wp\/v2\/posts\/5695\/revisions"}],"predecessor-version":[{"id":5696,"href":"https:\/\/emisora.univalle.edu.co\/index.php\/wp-json\/wp\/v2\/posts\/5695\/revisions\/5696"}],"wp:featuredmedia":[{"embeddable":true,"href":"https:\/\/emisora.univalle.edu.co\/index.php\/wp-json\/wp\/v2\/media\/5692"}],"wp:attachment":[{"href":"https:\/\/emisora.univalle.edu.co\/index.php\/wp-json\/wp\/v2\/media?parent=5695"}],"wp:term":[{"taxonomy":"category","embeddable":true,"href":"https:\/\/emisora.univalle.edu.co\/index.php\/wp-json\/wp\/v2\/categories?post=5695"},{"taxonomy":"post_tag","embeddable":true,"href":"https:\/\/emisora.univalle.edu.co\/index.php\/wp-json\/wp\/v2\/tags?post=5695"}],"curies":[{"name":"wp","href":"https:\/\/api.w.org\/{rel}","templated":true}]}}