{"id":5697,"date":"2015-07-28T11:39:05","date_gmt":"2015-07-28T16:39:05","guid":{"rendered":"https:\/\/emisora.univalle.edu.co\/\/?p=5697"},"modified":"2015-07-28T11:39:05","modified_gmt":"2015-07-28T16:39:05","slug":"secretaria-de-educacion-realiza-audiencia-publica-para-personal-docente-directivo-docente-y-etnoeducadores","status":"publish","type":"post","link":"https:\/\/emisora.univalle.edu.co\/index.php\/secretaria-de-educacion-realiza-audiencia-publica-para-personal-docente-directivo-docente-y-etnoeducadores\/","title":{"rendered":"Secretar\u00eda de Educaci\u00f3n realiza audiencia p\u00fablica para personal docente, directivo docente y etnoeducadores"},"content":{"rendered":"<p><span style=\"line-height: 1.5em;\">La Secretar\u00eda de Educaci\u00f3n del Valle del Cauca convoc\u00f3 desde hoy 28 de julio hasta el 31 de julio del presente a\u00f1o a Audiencia P\u00fablica a los aspirantes del listado de elegibles dentro del concurso de m\u00e9ritos de acuerdo con lo establecido en las convocatorias 205 y 228 de 2012 de la Comisi\u00f3n Nacional del Servicio Civil, para la provisi\u00f3n de empleos de docentes y directivos docentes mayoritarios y etnoeducadores de las instituciones educativas oficiales del departamento.<\/span><\/p>\n<p>\u201cLa convocatoria se hace en estricta sujeci\u00f3n a la reglamentaci\u00f3n fijada por la Comisi\u00f3n Nacional del Servicio Civil mediante acto administrativo y por delegaci\u00f3n de esta a las entidades territoriales que tienen a su cargo programar, organizar, citar a elegibles y realizar la audiencia para escogencia de establecimientos educativos,\u201d precis\u00f3 Jos\u00e9 Gustavo Padilla Orozco, Secretario de Educaci\u00f3n Departamental.<\/p>\n<p>Los asistentes deber\u00e1n presentar c\u00e9dula de ciudadan\u00eda o contrase\u00f1a expedida por la Registradur\u00eda Nacional del Estado Civil, en caso de no contar con la c\u00e9dula, se deber\u00e1 presentar el Certificado Judicial Vigente acompa\u00f1ado del denuncio de p\u00e9rdida o extrav\u00edo de la c\u00e9dula de ciudadan\u00eda. Para el personal que no pueda asistir a la audiencia, la persona autorizada debe presentar poder debidamente conferido ante autoridad competente, acompa\u00f1ado de la fotocopia de la c\u00e9dula ampliada al 150 por ciento de quien otorga el poder y de quien lo recibe.<\/p>\n<p>Fuente: Comunicaciones Gobernaci\u00f3n<\/p>\n","protected":false},"excerpt":{"rendered":"<p>La Secretar\u00eda de Educaci\u00f3n del Valle del Cauca convoc\u00f3 desde hoy 28 de julio hasta el 31 de julio del presente a\u00f1o a Audiencia P\u00fablica a los aspirantes del listado de elegibles dentro del concurso de m\u00e9ritos de acuerdo con lo establecido en las convocatorias 205 y 228 de 2012[&#8230;]<\/p>\n","protected":false},"author":1,"featured_media":5690,"comment_status":"open","ping_status":"open","sticky":false,"template":"","format":"standard","meta":{"footnotes":""},"categories":[4],"tags":[],"_links":{"self":[{"href":"https:\/\/emisora.univalle.edu.co\/index.php\/wp-json\/wp\/v2\/posts\/5697"}],"collection":[{"href":"https:\/\/emisora.univalle.edu.co\/index.php\/wp-json\/wp\/v2\/posts"}],"about":[{"href":"https:\/\/emisora.univalle.edu.co\/index.php\/wp-json\/wp\/v2\/types\/post"}],"author":[{"embeddable":true,"href":"https:\/\/emisora.univalle.edu.co\/index.php\/wp-json\/wp\/v2\/users\/1"}],"replies":[{"embeddable":true,"href":"https:\/\/emisora.univalle.edu.co\/index.php\/wp-json\/wp\/v2\/comments?post=5697"}],"version-history":[{"count":1,"href":"https:\/\/emisora.univalle.edu.co\/index.php\/wp-json\/wp\/v2\/posts\/5697\/revisions"}],"predecessor-version":[{"id":5698,"href":"https:\/\/emisora.univalle.edu.co\/index.php\/wp-json\/wp\/v2\/posts\/5697\/revisions\/5698"}],"wp:featuredmedia":[{"embeddable":true,"href":"https:\/\/emisora.univalle.edu.co\/index.php\/wp-json\/wp\/v2\/media\/5690"}],"wp:attachment":[{"href":"https:\/\/emisora.univalle.edu.co\/index.php\/wp-json\/wp\/v2\/media?parent=5697"}],"wp:term":[{"taxonomy":"category","embeddable":true,"href":"https:\/\/emisora.univalle.edu.co\/index.php\/wp-json\/wp\/v2\/categories?post=5697"},{"taxonomy":"post_tag","embeddable":true,"href":"https:\/\/emisora.univalle.edu.co\/index.php\/wp-json\/wp\/v2\/tags?post=5697"}],"curies":[{"name":"wp","href":"https:\/\/api.w.org\/{rel}","templated":true}]}}