{"id":5702,"date":"2015-07-28T11:44:39","date_gmt":"2015-07-28T16:44:39","guid":{"rendered":"https:\/\/emisora.univalle.edu.co\/\/?p=5702"},"modified":"2015-07-28T11:44:39","modified_gmt":"2015-07-28T16:44:39","slug":"gobernacion-del-valle-lidero-socializacion-de-la-estrategia-del-programa-de-alimentacion-escolar-pae","status":"publish","type":"post","link":"https:\/\/emisora.univalle.edu.co\/index.php\/gobernacion-del-valle-lidero-socializacion-de-la-estrategia-del-programa-de-alimentacion-escolar-pae\/","title":{"rendered":"Gobernaci\u00f3n del Valle lider\u00f3 socializaci\u00f3n de la estrategia del Programa de Alimentaci\u00f3n Escolar-PAE"},"content":{"rendered":"<p><span style=\"line-height: 1.5em;\">La Secretar\u00eda de Participaci\u00f3n y Desarrollo Social del Valle del Cauca lider\u00f3 la socializaci\u00f3n de la estrategia del Programa de Alimentaci\u00f3n Escolar-PAE con rectores, docentes y padres de los 34 municipios no certificados del Departamento.<\/span><\/p>\n<p>Para el Secretario de Participaci\u00f3n y Desarrollo Social del Valle del Cauca Diego Ramiro Obando Dom\u00ednguez es trascendental garantizarles a los estudiantes una alimentaci\u00f3n saludable para que puedan permanecer en las aulas educativas.<\/p>\n<p>\u201cAgradecer al se\u00f1or Gobernador por ese apoyo en el PAE estamos en la capacitaci\u00f3n de los lineamientos t\u00e9cnicos del programa con el prop\u00f3sito de que toda la comunidad educativa se comprometa con el programa le haga seguimiento y exija que se cumpla\u201d, expres\u00f3 el funcionario.<\/p>\n<p>El subsecretario de Prosperidad Social del Valle del Cauca, Milton Hugo Angulo Viveros asever\u00f3 que esta jornada se adelant\u00f3 con el objetivo de incidir en el mejoramiento de la calidad de la educaci\u00f3n y la permanencia de los estudiantes en el sector educativo.<\/p>\n<p>Sara Diana Urbano Urbano de la Subsecretaria de Cobertura de la Secretaria de Educaci\u00f3n dijo que es importante que los padres como comunidad educativa en general se den cuenta que en las escuelas del departamento se les est\u00e1 brindando a los estudiantes la alimentaci\u00f3n complementaria que requieren.<\/p>\n<p>\u201cEs un alimento nutritivo y complementario al desayuno,\u00a0 queremos fomentar unos h\u00e1bitos saludables en los ni\u00f1os que consuman frutas que aprendan h\u00e1bitos saludables y que las escuelas se preparen para ello y darles un ambiente propicio para aprender\u201d, asevero la funcionaria.<\/p>\n<p>Fuente: Comunicaciones Gobernaci\u00f3n<\/p>\n<p>&nbsp;<\/p>\n","protected":false},"excerpt":{"rendered":"<p>La Secretar\u00eda de Participaci\u00f3n y Desarrollo Social del Valle del Cauca lider\u00f3 la socializaci\u00f3n de la estrategia del Programa de Alimentaci\u00f3n Escolar-PAE con rectores, docentes y padres de los 34 municipios no certificados del Departamento. Para el Secretario de Participaci\u00f3n y Desarrollo Social del Valle del Cauca Diego Ramiro Obando[&#8230;]<\/p>\n","protected":false},"author":1,"featured_media":5694,"comment_status":"open","ping_status":"open","sticky":false,"template":"","format":"standard","meta":{"footnotes":""},"categories":[4],"tags":[],"_links":{"self":[{"href":"https:\/\/emisora.univalle.edu.co\/index.php\/wp-json\/wp\/v2\/posts\/5702"}],"collection":[{"href":"https:\/\/emisora.univalle.edu.co\/index.php\/wp-json\/wp\/v2\/posts"}],"about":[{"href":"https:\/\/emisora.univalle.edu.co\/index.php\/wp-json\/wp\/v2\/types\/post"}],"author":[{"embeddable":true,"href":"https:\/\/emisora.univalle.edu.co\/index.php\/wp-json\/wp\/v2\/users\/1"}],"replies":[{"embeddable":true,"href":"https:\/\/emisora.univalle.edu.co\/index.php\/wp-json\/wp\/v2\/comments?post=5702"}],"version-history":[{"count":1,"href":"https:\/\/emisora.univalle.edu.co\/index.php\/wp-json\/wp\/v2\/posts\/5702\/revisions"}],"predecessor-version":[{"id":5703,"href":"https:\/\/emisora.univalle.edu.co\/index.php\/wp-json\/wp\/v2\/posts\/5702\/revisions\/5703"}],"wp:featuredmedia":[{"embeddable":true,"href":"https:\/\/emisora.univalle.edu.co\/index.php\/wp-json\/wp\/v2\/media\/5694"}],"wp:attachment":[{"href":"https:\/\/emisora.univalle.edu.co\/index.php\/wp-json\/wp\/v2\/media?parent=5702"}],"wp:term":[{"taxonomy":"category","embeddable":true,"href":"https:\/\/emisora.univalle.edu.co\/index.php\/wp-json\/wp\/v2\/categories?post=5702"},{"taxonomy":"post_tag","embeddable":true,"href":"https:\/\/emisora.univalle.edu.co\/index.php\/wp-json\/wp\/v2\/tags?post=5702"}],"curies":[{"name":"wp","href":"https:\/\/api.w.org\/{rel}","templated":true}]}}