{"id":5704,"date":"2015-07-28T11:46:21","date_gmt":"2015-07-28T16:46:21","guid":{"rendered":"https:\/\/emisora.univalle.edu.co\/\/?p=5704"},"modified":"2015-07-28T11:46:21","modified_gmt":"2015-07-28T16:46:21","slug":"universidad-del-valle-y-biblioteca-departamental-hacen-tres-dias-de-feria-de-la-luz","status":"publish","type":"post","link":"https:\/\/emisora.univalle.edu.co\/index.php\/universidad-del-valle-y-biblioteca-departamental-hacen-tres-dias-de-feria-de-la-luz\/","title":{"rendered":"Universidad del Valle y Biblioteca Departamental hacen tres d\u00edas de Feria de la Luz"},"content":{"rendered":"<p><span style=\"line-height: 1.5em;\">La Universidad del Valle y la Biblioteca Departamental Jorge Garc\u00e9s Borrero realizar\u00e1n la Feria de la luz 2015, a partir de este mi\u00e9rcoles<\/span><\/p>\n<p>Ser\u00e1n tres d\u00edas de encuentro de grupos estudiantiles para conocer la evoluci\u00f3n de la luz a trav\u00e9s del tiempo y su uso en la tecnolog\u00eda, entre otros beneficios para el hombre por su aprovechamiento a distintos niveles.<\/p>\n<p>La Feria de la luminiscencia tendr\u00e1, entre otras actividades, experimentos de Descomposici\u00f3n de la luz y teor\u00eda del color; Fluorescencia y fosforescencia; Microscopio l\u00e1ser casero; Luz ultravioleta con una linterna; Kit de \u00f3ptica; \u00cdndice de refracci\u00f3n.<\/p>\n<p>Tambi\u00e9n habr\u00e1 experiencias sobe c\u00f3mo al descomponer un rayo de luz solar se observan todos los colores del arco\u00edris; c\u00f3mo ciertas substancias absorben energ\u00eda en forma de radiaci\u00f3n electromagn\u00e9tica; c\u00f3mo se comporta la luz en diferentes medios o situaciones.<\/p>\n<p>La Asamblea General de las Naciones Unidas proclam\u00f3 el 2015 como el A\u00f1o Internacional de la Luz y de las Tecnolog\u00edas basadas en la Luz, lo que motiv\u00f3 a la Universidad del Valle a programar una agenda especial del 29 al 31 de julio en las instalaciones de la Biblioteca Departamental.<\/p>\n<p>Fuente: Comunicaciones Gobernaci\u00f3n<\/p>\n","protected":false},"excerpt":{"rendered":"<p>La Universidad del Valle y la Biblioteca Departamental Jorge Garc\u00e9s Borrero realizar\u00e1n la Feria de la luz 2015, a partir de este mi\u00e9rcoles Ser\u00e1n tres d\u00edas de encuentro de grupos estudiantiles para conocer la evoluci\u00f3n de la luz a trav\u00e9s del tiempo y su uso en la tecnolog\u00eda, entre otros[&#8230;]<\/p>\n","protected":false},"author":1,"featured_media":5691,"comment_status":"open","ping_status":"open","sticky":false,"template":"","format":"standard","meta":{"footnotes":""},"categories":[4],"tags":[],"_links":{"self":[{"href":"https:\/\/emisora.univalle.edu.co\/index.php\/wp-json\/wp\/v2\/posts\/5704"}],"collection":[{"href":"https:\/\/emisora.univalle.edu.co\/index.php\/wp-json\/wp\/v2\/posts"}],"about":[{"href":"https:\/\/emisora.univalle.edu.co\/index.php\/wp-json\/wp\/v2\/types\/post"}],"author":[{"embeddable":true,"href":"https:\/\/emisora.univalle.edu.co\/index.php\/wp-json\/wp\/v2\/users\/1"}],"replies":[{"embeddable":true,"href":"https:\/\/emisora.univalle.edu.co\/index.php\/wp-json\/wp\/v2\/comments?post=5704"}],"version-history":[{"count":1,"href":"https:\/\/emisora.univalle.edu.co\/index.php\/wp-json\/wp\/v2\/posts\/5704\/revisions"}],"predecessor-version":[{"id":5705,"href":"https:\/\/emisora.univalle.edu.co\/index.php\/wp-json\/wp\/v2\/posts\/5704\/revisions\/5705"}],"wp:featuredmedia":[{"embeddable":true,"href":"https:\/\/emisora.univalle.edu.co\/index.php\/wp-json\/wp\/v2\/media\/5691"}],"wp:attachment":[{"href":"https:\/\/emisora.univalle.edu.co\/index.php\/wp-json\/wp\/v2\/media?parent=5704"}],"wp:term":[{"taxonomy":"category","embeddable":true,"href":"https:\/\/emisora.univalle.edu.co\/index.php\/wp-json\/wp\/v2\/categories?post=5704"},{"taxonomy":"post_tag","embeddable":true,"href":"https:\/\/emisora.univalle.edu.co\/index.php\/wp-json\/wp\/v2\/tags?post=5704"}],"curies":[{"name":"wp","href":"https:\/\/api.w.org\/{rel}","templated":true}]}}