{"id":5710,"date":"2015-07-28T15:09:09","date_gmt":"2015-07-28T20:09:09","guid":{"rendered":"https:\/\/emisora.univalle.edu.co\/\/?p=5710"},"modified":"2015-07-28T15:09:51","modified_gmt":"2015-07-28T20:09:51","slug":"abierta-convocatoria-para-seleccionar-el-afiche-de-las-fiestas-de-san-pacho-en-choco","status":"publish","type":"post","link":"https:\/\/emisora.univalle.edu.co\/index.php\/abierta-convocatoria-para-seleccionar-el-afiche-de-las-fiestas-de-san-pacho-en-choco\/","title":{"rendered":"Abierta convocatoria para seleccionar el afiche de las Fiestas de San Pacho en Choc\u00f3"},"content":{"rendered":"<p><span style=\"line-height: 1.5em;\">Este concurso, que busca seleccionar el dise\u00f1o del afiche promocional de esta manifestaci\u00f3n cultural chocoana, cierra el 30 de julio. La premiaci\u00f3n se realizar\u00e1 el 20 de septiembre durante la inauguraci\u00f3n de las fiestas.<\/span><\/p>\n<p>Todos los colombianos podr\u00e1n participar en este concurso que organiza directamente la Fundaci\u00f3n Fiestas Franciscanas de Quibd\u00f3, la cual ofrece un mill\u00f3n de pesos para el ganador. \u201cAunque esta vez la tem\u00e1tica del dise\u00f1o no tiene l\u00edmites, es necesario que comprendan que debe permanecer la imagen del San Francisco de As\u00eds, santo patrono de Quibd\u00f3\u201d, explic\u00f3\u00a0 Ram\u00f3n Cuesta Valencia, presidente de la Fundaci\u00f3n.<\/p>\n<p>La Fiesta de San Pacho es el principal espacio simb\u00f3lico en la vida social, cultural, religiosa y pol\u00edtica de Quibd\u00f3. Su funci\u00f3n m\u00e1s importante es ser el eje en la construcci\u00f3n de la identidad chocoana, impulsando la cohesi\u00f3n social al interior de la comunidad. \u200b<\/p>\n<p>BASES DEL CONCURSO<\/p>\n<p>1.\u00a0\u00a0\u00a0\u00a0\u00a0 La inscripci\u00f3n es gratuita.<\/p>\n<p>2.\u00a0\u00a0\u00a0\u00a0\u00a0 Se recibir\u00e1 s\u00f3lo una propuesta por concursante.<\/p>\n<p>3.\u00a0\u00a0\u00a0\u00a0\u00a0 La propuesta debe contener y evidenciar elementos relevantes de las Fiestas de San Pacho, teniendo en cuenta los siguientes aspectos: valores culturales de las Fiestas de San Pacho; homenaje a la tambora tradicional chocoana; imagen de San Francisco de As\u00eds.<\/p>\n<p>4. El dise\u00f1o del afiche debe ser in\u00e9dito (que no se haya publicado) y de su propia autor\u00eda.<\/p>\n<p>5. Todas las propuestas deben llevar el siguiente texto: \u201cFiestas Franciscana de Quibd\u00f3, San Pacho. Patrimonio Cultural e Inmaterial de la Humanidad,\u00a0 Quibd\u00f3, del 19 de septiembre al 5 de octubre de 2015\u201d.<\/p>\n<p>6. Cada propuesta debe contener de manera obligatoria: t\u00edtulo y un texto explicativo impreso y en medio magn\u00e9tico que defina el sentido de la obra, en un m\u00e1ximo de una\u00a0 p\u00e1gina tama\u00f1o carta y tipo de letra Arial 12, con interlineado de 1.5 y m\u00e1rgenes de 3 cent\u00edmetros.<\/p>\n<p>7. La propuesta se debe entregar en sobre cerrado, con tres (3) copias id\u00e9nticas en DVD<\/p>\n<p>A.\u00a0\u00a0\u00a0\u00a0 Imagen del afiche en formato JPG a 180 dpi, y un tama\u00f1o en pixeles de 1600px en su lado m\u00e1s largo.<\/p>\n<p>B.\u00a0\u00a0\u00a0\u00a0 El formato de presentaci\u00f3n es de medio pliego (50 cms x 70 cms).<\/p>\n<p>C.\u00a0\u00a0\u00a0\u00a0 La propuesta debe allegarse en sobre cerrado identificado con el seud\u00f3nimo del autor, se debe entregar con el formato de inscripci\u00f3n totalmente diligenciado, el cual se puede\u00a0 descargar de la P\u00e1gina oficial\u00a0 www.sanpachobendito.org<\/p>\n<p>C.\u00a0\u00a0\u00a0\u00a0 Archivo nativo del programa de edici\u00f3n con el que se haya trabajado la propuesta (Illustrator, InDesign, Photoshop, Corel Draw, entre otros). Las fuentes tipogr\u00e1ficas deber\u00e1n convertirse a curvas o adjuntar las fuentes tipogr\u00e1ficas en una carpeta titulada: Fuentes+ t\u00edtulo cada trabajo.<\/p>\n<p>D.\u00a0\u00a0\u00a0\u00a0 En caso de emplear im\u00e1genes, estas deber\u00e1n ser de su autor\u00eda, de uso libre o poseer los derechos de autor.<\/p>\n<p>E.\u00a0\u00a0\u00a0\u00a0\u00a0 Tres (3) copias f\u00edsicas y digitales de un documento Word tama\u00f1o carta que contenga: t\u00edtulo del trabajo, seud\u00f3nimo del participante y la descripci\u00f3n de la propuesta, en m\u00e1ximo una p\u00e1gina.<\/p>\n<p>F.\u00a0\u00a0\u00a0\u00a0\u00a0 En un sobre sellado el formato de inscripci\u00f3n totalmente diligenciado y con fotocopia del documento de identidad.<\/p>\n<p>El fallo del jurado calificador, conformado por expertos en temas culturales, se dar\u00e1 a conocer una semana despu\u00e9s del cierre de la convocatoria,\u00a0 a trav\u00e9s de las plataformas web www.sanpachobendito.org y www.programaacua.org<\/p>\n<p>De igual manera, se publicar\u00e1 en la cartelera p\u00fablica de las instalaciones de la Fundaci\u00f3n Fiestas Franciscanas de Quibd\u00f3, ubicada en la carrera 4 con calle 25 esquina, Casa de la Cultura, Jorge Isaac de Quibd\u00f3, piso 2.<\/p>\n<p>Mayores informes:<\/p>\n<p>P\u00e1gina web www.sanpachobendito.org<\/p>\n<p>Fundaci\u00f3n Fiestas Franciscanas de Quibd\u00f3<\/p>\n<p>Tel\u00e9fono: (4) 6717965, Quibd\u00f3, Choc\u00f3.<\/p>\n<p>Jefe de prensa, Etty Parra ettyparra@hotmail.com<\/p>\n<p>Fuente: Comunicaciones MinCultura<\/p>\n","protected":false},"excerpt":{"rendered":"<p>Este concurso, que busca seleccionar el dise\u00f1o del afiche promocional de esta manifestaci\u00f3n cultural chocoana, cierra el 30 de julio. La premiaci\u00f3n se realizar\u00e1 el 20 de septiembre durante la inauguraci\u00f3n de las fiestas. Todos los colombianos podr\u00e1n participar en este concurso que organiza directamente la Fundaci\u00f3n Fiestas Franciscanas de[&#8230;]<\/p>\n","protected":false},"author":1,"featured_media":5711,"comment_status":"open","ping_status":"open","sticky":false,"template":"","format":"standard","meta":{"footnotes":""},"categories":[4],"tags":[],"_links":{"self":[{"href":"https:\/\/emisora.univalle.edu.co\/index.php\/wp-json\/wp\/v2\/posts\/5710"}],"collection":[{"href":"https:\/\/emisora.univalle.edu.co\/index.php\/wp-json\/wp\/v2\/posts"}],"about":[{"href":"https:\/\/emisora.univalle.edu.co\/index.php\/wp-json\/wp\/v2\/types\/post"}],"author":[{"embeddable":true,"href":"https:\/\/emisora.univalle.edu.co\/index.php\/wp-json\/wp\/v2\/users\/1"}],"replies":[{"embeddable":true,"href":"https:\/\/emisora.univalle.edu.co\/index.php\/wp-json\/wp\/v2\/comments?post=5710"}],"version-history":[{"count":2,"href":"https:\/\/emisora.univalle.edu.co\/index.php\/wp-json\/wp\/v2\/posts\/5710\/revisions"}],"predecessor-version":[{"id":5715,"href":"https:\/\/emisora.univalle.edu.co\/index.php\/wp-json\/wp\/v2\/posts\/5710\/revisions\/5715"}],"wp:featuredmedia":[{"embeddable":true,"href":"https:\/\/emisora.univalle.edu.co\/index.php\/wp-json\/wp\/v2\/media\/5711"}],"wp:attachment":[{"href":"https:\/\/emisora.univalle.edu.co\/index.php\/wp-json\/wp\/v2\/media?parent=5710"}],"wp:term":[{"taxonomy":"category","embeddable":true,"href":"https:\/\/emisora.univalle.edu.co\/index.php\/wp-json\/wp\/v2\/categories?post=5710"},{"taxonomy":"post_tag","embeddable":true,"href":"https:\/\/emisora.univalle.edu.co\/index.php\/wp-json\/wp\/v2\/tags?post=5710"}],"curies":[{"name":"wp","href":"https:\/\/api.w.org\/{rel}","templated":true}]}}