{"id":5718,"date":"2015-07-28T15:13:41","date_gmt":"2015-07-28T20:13:41","guid":{"rendered":"https:\/\/emisora.univalle.edu.co\/\/?p=5718"},"modified":"2015-07-28T15:13:41","modified_gmt":"2015-07-28T20:13:41","slug":"alcaldia-insta-los-calenos-ahorrar-agua-tras-bajos-niveles-de-caudal-de-los-rios","status":"publish","type":"post","link":"https:\/\/emisora.univalle.edu.co\/index.php\/alcaldia-insta-los-calenos-ahorrar-agua-tras-bajos-niveles-de-caudal-de-los-rios\/","title":{"rendered":"Alcald\u00eda insta a los cale\u00f1os a ahorrar agua, tras bajos niveles de caudal de los r\u00edos"},"content":{"rendered":"<p><span style=\"line-height: 1.5em;\">Los siete r\u00edos que bordean la ciudad est\u00e1n en sus niveles inferiores de caudal, por cuanto se requiere el uso racional e inteligente del agua, por parte de los cale\u00f1os y habitantes de la ciudad.<\/span><\/p>\n<p>Este es el llamado de la Alcald\u00eda de Cali, en cabeza del Consejo para la Gesti\u00f3n del Riesgo de Desastres \u2013Cmgrd- tras la temporada seca que ha afectado a la capital vallecaucana en los \u00faltimos dos meses.<\/p>\n<p>Rodrigo Zamorano, coordinador del Consejo para la Gesti\u00f3n del Riesgo de Desastres \u2013 Cmgrd, advirti\u00f3 que \u201clas apuestas de la NOAA y del Ideam contin\u00faan hacia un posible Fen\u00f3meno del Ni\u00f1o moderado, con afectaci\u00f3n\u00a0 general en el pa\u00eds. Al tiempo que los r\u00edos Cali y Mel\u00e9ndez est\u00e1n cerca del nivel m\u00ednimo vital que no permite extraer m\u00e1s agua para ser tratada, pues se trata del m\u00ednimo vital para la supervivencia de la fauna que los habita\u201d.<\/p>\n<p>Insisti\u00f3 en que el ser humano se puede quedar sin energ\u00eda, sin gasolina, sin otros elementos, pero no sin agua, raz\u00f3n por la cual convoca a los ciudadanos a racionalizar el uso del considerado l\u00edquido vital para la vida.<\/p>\n<p>\u201cEl agua es un elemento tan importante en la vida de un ser humano que con tal de tenerlo es capaz de pelear. De all\u00ed la necesidad de hacer un uso inteligente del agua, incluso de energ\u00eda. Porque el que ahorra energ\u00eda ahorra agua, pues el uno depende del otro, son como primos hermanos\u201d, enfatiz\u00f3 el funcionario.<\/p>\n<p>El objetivo es iniciar, seg\u00fan Zamorano, una campa\u00f1a desde cada hogar de la ciudad, \u201cque los cale\u00f1os hagan consciencia al respecto, ya que el agua es un bien vital no renovable, es un bien que se extingue, que es finito y por eso hay que darle buen uso. Es de saber que las Empresas Municipales de Cali \u2013Emcali- tienen planes de mitigaci\u00f3n dispuestos, bombeo a la parte baja y alta, apoyo de carrotanques, pero si hay desperdicio de agua no ganamos nada\u201d.<\/p>\n<p>Recal\u00f3 que si bien la temporada de calor hace que los ciudadanos demandemos m\u00e1s agua, es importante no desperdiciarla.<\/p>\n<p>\u201cEs all\u00ed donde se puede emplear el agua del segundo ciclo de una m\u00e1quina de lavado, de la lluvia que se recogi\u00f3 en un tanque, entre otros, en el riego de las plantas o un jard\u00edn, en el lavado de pisos o llenado de sanitarios. Hay que tener en cuenta todas las recomendaciones, pues el agua hay que cuidarla\u201d, concluy\u00f3.<\/p>\n<p>Recomendaciones para tener en cuenta<\/p>\n<ul>\n<li>Use racionalmente el agua: duchas cortas, no lavar los veh\u00edculos ni regar el jard\u00edn con agua potable.<\/li>\n<li>Cierre las llaves de agua que no se est\u00e9n usando y arregle los da\u00f1os en las que est\u00e9n goteando, cambiando los empaques.<\/li>\n<li>Ahorre energ\u00eda: no deje electrodom\u00e9sticos conectados cuando no los est\u00e9 utilizando. Apague las bombillas de espacios que no est\u00e9 empleando.<\/li>\n<li>Ni\u00f1os, j\u00f3venes y adultos deben mantenerse hidratados (especialmente ni\u00f1os y adultos mayores)<\/li>\n<\/ul>\n<p>Use protector solar, en especial los ni\u00f1os que se encuentran en vacaciones y asisten a actividades recreativas en las que pasan mucho tiempo bajo el sol. El uso de una gorra tambi\u00e9n puede ayudar.<\/p>\n<p>No arroje objetos de vidrio, cigarrillos o basura en zonas verdes, que puedan ocasionar incendios forestales.<\/p>\n<p>Denuncie a quienes sorprenda prendiendo fuego en los cerros o zonas verdes de la ciudad a la l\u00ednea 119 del Cuerpo de Bomberos Voluntarios de Cali o llamando a la Polic\u00eda en la l\u00ednea 123.<\/p>\n<p>Cualquier emergencia tambi\u00e9n la puede reportar a la l\u00ednea del Cmgrd: 660 4826.<\/p>\n<p>Fuente: Comunicaciones Alcald\u00eda<\/p>\n","protected":false},"excerpt":{"rendered":"<p>Los siete r\u00edos que bordean la ciudad est\u00e1n en sus niveles inferiores de caudal, por cuanto se requiere el uso racional e inteligente del agua, por parte de los cale\u00f1os y habitantes de la ciudad. Este es el llamado de la Alcald\u00eda de Cali, en cabeza del Consejo para la[&#8230;]<\/p>\n","protected":false},"author":1,"featured_media":5719,"comment_status":"open","ping_status":"open","sticky":false,"template":"","format":"standard","meta":{"footnotes":""},"categories":[4],"tags":[],"_links":{"self":[{"href":"https:\/\/emisora.univalle.edu.co\/index.php\/wp-json\/wp\/v2\/posts\/5718"}],"collection":[{"href":"https:\/\/emisora.univalle.edu.co\/index.php\/wp-json\/wp\/v2\/posts"}],"about":[{"href":"https:\/\/emisora.univalle.edu.co\/index.php\/wp-json\/wp\/v2\/types\/post"}],"author":[{"embeddable":true,"href":"https:\/\/emisora.univalle.edu.co\/index.php\/wp-json\/wp\/v2\/users\/1"}],"replies":[{"embeddable":true,"href":"https:\/\/emisora.univalle.edu.co\/index.php\/wp-json\/wp\/v2\/comments?post=5718"}],"version-history":[{"count":1,"href":"https:\/\/emisora.univalle.edu.co\/index.php\/wp-json\/wp\/v2\/posts\/5718\/revisions"}],"predecessor-version":[{"id":5720,"href":"https:\/\/emisora.univalle.edu.co\/index.php\/wp-json\/wp\/v2\/posts\/5718\/revisions\/5720"}],"wp:featuredmedia":[{"embeddable":true,"href":"https:\/\/emisora.univalle.edu.co\/index.php\/wp-json\/wp\/v2\/media\/5719"}],"wp:attachment":[{"href":"https:\/\/emisora.univalle.edu.co\/index.php\/wp-json\/wp\/v2\/media?parent=5718"}],"wp:term":[{"taxonomy":"category","embeddable":true,"href":"https:\/\/emisora.univalle.edu.co\/index.php\/wp-json\/wp\/v2\/categories?post=5718"},{"taxonomy":"post_tag","embeddable":true,"href":"https:\/\/emisora.univalle.edu.co\/index.php\/wp-json\/wp\/v2\/tags?post=5718"}],"curies":[{"name":"wp","href":"https:\/\/api.w.org\/{rel}","templated":true}]}}