{"id":5740,"date":"2015-07-29T15:31:52","date_gmt":"2015-07-29T20:31:52","guid":{"rendered":"https:\/\/emisora.univalle.edu.co\/\/?p=5740"},"modified":"2015-07-29T15:31:52","modified_gmt":"2015-07-29T20:31:52","slug":"700-plazas-se-estan-entregando-en-el-sector-educativo-por-parte-del-gobierno-departamental","status":"publish","type":"post","link":"https:\/\/emisora.univalle.edu.co\/index.php\/700-plazas-se-estan-entregando-en-el-sector-educativo-por-parte-del-gobierno-departamental\/","title":{"rendered":"700 plazas se est\u00e1n entregando en el sector educativo por parte del Gobierno departamental"},"content":{"rendered":"<p><span style=\"line-height: 1.5em;\">La Secretar\u00eda de Educaci\u00f3n departamental se encuentra entregando 700 plazas en instituciones educativas del Valle a docentes y directivos docentes elegibles dentro del concurso de m\u00e9ritos de acuerdo a las convocatorias 205 y 228 de 2012 de la Comisi\u00f3n Nacional del Servicio Civil. El evento se realiza hasta el 31 de Julio del a\u00f1o en curso en las instalaciones de Comfenalco en Cali.<\/span><\/p>\n<p>\u201cEstamos d\u00e1ndole cumplimiento a la directriz del se\u00f1or Gobernador Ubeimar Delgado de acatar las normas que benefician al sector educativo departamental, hoy los profesores y directivos de los 34 municipios no certificados incluyendo Yumbo que si est\u00e1 certificado pero hoy est\u00e1 aqu\u00ed presente con sus profesionales para ocupar las vacantes; realizaremos hasta el 31 de Julio la audiencia y entrega de las 700 plazas en compa\u00f1\u00eda de la representante de la Comisi\u00f3n Nacional para el Servicio Civil\u201d, manifest\u00f3 el secretario de Educaci\u00f3n del Valle del Cauca, Jos\u00e9 Gustavo Padilla Orozco.<\/p>\n<p>Blanca Clemencia Romero Acevedo, representante de la Comisi\u00f3n Nacional del Servicio Civil, manifest\u00f3 que \u201cen el del Valle del Cauca se est\u00e1 llevando a cabo con orden la audiencia para la provisi\u00f3n de empleos de docentes, directivos docentes mayoritarios y etno-educadores de las instituciones educativas oficiales del departamento gracias a un trabajo en conjunto que se ha venido organizando con antelaci\u00f3n. Estaremos pendientes del proceso que durar\u00e1 4 d\u00edas\u201d.<\/p>\n<p>La administraci\u00f3n departamental a trav\u00e9s de la Secretar\u00eda de Educaci\u00f3n, trabaja siempre en procura y beneficio del sector educativo del Valle para fortalecerlo y generar as\u00ed una mejor regi\u00f3n.<\/p>\n","protected":false},"excerpt":{"rendered":"<p>La Secretar\u00eda de Educaci\u00f3n departamental se encuentra entregando 700 plazas en instituciones educativas del Valle a docentes y directivos docentes elegibles dentro del concurso de m\u00e9ritos de acuerdo a las convocatorias 205 y 228 de 2012 de la Comisi\u00f3n Nacional del Servicio Civil. El evento se realiza hasta el 31[&#8230;]<\/p>\n","protected":false},"author":1,"featured_media":5730,"comment_status":"open","ping_status":"open","sticky":false,"template":"","format":"standard","meta":{"footnotes":""},"categories":[4],"tags":[],"_links":{"self":[{"href":"https:\/\/emisora.univalle.edu.co\/index.php\/wp-json\/wp\/v2\/posts\/5740"}],"collection":[{"href":"https:\/\/emisora.univalle.edu.co\/index.php\/wp-json\/wp\/v2\/posts"}],"about":[{"href":"https:\/\/emisora.univalle.edu.co\/index.php\/wp-json\/wp\/v2\/types\/post"}],"author":[{"embeddable":true,"href":"https:\/\/emisora.univalle.edu.co\/index.php\/wp-json\/wp\/v2\/users\/1"}],"replies":[{"embeddable":true,"href":"https:\/\/emisora.univalle.edu.co\/index.php\/wp-json\/wp\/v2\/comments?post=5740"}],"version-history":[{"count":1,"href":"https:\/\/emisora.univalle.edu.co\/index.php\/wp-json\/wp\/v2\/posts\/5740\/revisions"}],"predecessor-version":[{"id":5741,"href":"https:\/\/emisora.univalle.edu.co\/index.php\/wp-json\/wp\/v2\/posts\/5740\/revisions\/5741"}],"wp:featuredmedia":[{"embeddable":true,"href":"https:\/\/emisora.univalle.edu.co\/index.php\/wp-json\/wp\/v2\/media\/5730"}],"wp:attachment":[{"href":"https:\/\/emisora.univalle.edu.co\/index.php\/wp-json\/wp\/v2\/media?parent=5740"}],"wp:term":[{"taxonomy":"category","embeddable":true,"href":"https:\/\/emisora.univalle.edu.co\/index.php\/wp-json\/wp\/v2\/categories?post=5740"},{"taxonomy":"post_tag","embeddable":true,"href":"https:\/\/emisora.univalle.edu.co\/index.php\/wp-json\/wp\/v2\/tags?post=5740"}],"curies":[{"name":"wp","href":"https:\/\/api.w.org\/{rel}","templated":true}]}}