{"id":5742,"date":"2015-07-29T15:37:52","date_gmt":"2015-07-29T20:37:52","guid":{"rendered":"https:\/\/emisora.univalle.edu.co\/\/?p=5742"},"modified":"2015-07-29T15:37:53","modified_gmt":"2015-07-29T20:37:53","slug":"secretaria-de-gobierno-departamental-invita-al-dia-mundial-contra-la-trata-de-personas","status":"publish","type":"post","link":"https:\/\/emisora.univalle.edu.co\/index.php\/secretaria-de-gobierno-departamental-invita-al-dia-mundial-contra-la-trata-de-personas\/","title":{"rendered":"Secretar\u00eda de Gobierno departamental invita al D\u00eda Mundial contra la trata de personas"},"content":{"rendered":"<p><span style=\"line-height: 1.5em;\">La Secretar\u00eda de Gobierno del Valle en cabeza de Martha Balc\u00e1zar, invita este pr\u00f3ximo 30 de Julio a partir de las 8:00am en la Plazoleta \u201cJairo Varela\u201d a celebrar el D\u00eda Mundial contra la trata de personas. Durante el evento se realizar\u00e1 un foro denominado \u201cprotagonistas de sue\u00f1os de cristal\u201d.<\/span><\/p>\n<p>\u201cEsta convocatoria la hacemos en conjunto con la Alcald\u00eda de Santiago de Cali y la ONU para todos los cale\u00f1os, colegios, universidades, medios de comunicaci\u00f3n y todas las autoridades para que se vinculen a partir de las 8am a este D\u00eda Mundial contra la trata de personas. Tendremos un foro, actos l\u00fadicos y simb\u00f3licos que ense\u00f1aran a la comunidad la importancia de conocer los temas de la trata de personas y enterarse de que este flagelo ataca a todos los sectores de la sociedad\u201d, dijo Martha Cecilia Balc\u00e1zar L\u00f3pez, Secretaria de Gobierno del Valle.<\/p>\n<p>Este evento es realizado en conjunto con la ONU, la Alcald\u00eda de Cali y la administraci\u00f3n departamental, la cual extiende una invitaci\u00f3n a toda la comunidad vallecaucana para que asista a este importante evento.<\/p>\n","protected":false},"excerpt":{"rendered":"<p>La Secretar\u00eda de Gobierno del Valle en cabeza de Martha Balc\u00e1zar, invita este pr\u00f3ximo 30 de Julio a partir de las 8:00am en la Plazoleta \u201cJairo Varela\u201d a celebrar el D\u00eda Mundial contra la trata de personas. Durante el evento se realizar\u00e1 un foro denominado \u201cprotagonistas de sue\u00f1os de cristal\u201d.[&#8230;]<\/p>\n","protected":false},"author":1,"featured_media":5743,"comment_status":"open","ping_status":"open","sticky":false,"template":"","format":"standard","meta":{"footnotes":""},"categories":[4],"tags":[],"_links":{"self":[{"href":"https:\/\/emisora.univalle.edu.co\/index.php\/wp-json\/wp\/v2\/posts\/5742"}],"collection":[{"href":"https:\/\/emisora.univalle.edu.co\/index.php\/wp-json\/wp\/v2\/posts"}],"about":[{"href":"https:\/\/emisora.univalle.edu.co\/index.php\/wp-json\/wp\/v2\/types\/post"}],"author":[{"embeddable":true,"href":"https:\/\/emisora.univalle.edu.co\/index.php\/wp-json\/wp\/v2\/users\/1"}],"replies":[{"embeddable":true,"href":"https:\/\/emisora.univalle.edu.co\/index.php\/wp-json\/wp\/v2\/comments?post=5742"}],"version-history":[{"count":1,"href":"https:\/\/emisora.univalle.edu.co\/index.php\/wp-json\/wp\/v2\/posts\/5742\/revisions"}],"predecessor-version":[{"id":5744,"href":"https:\/\/emisora.univalle.edu.co\/index.php\/wp-json\/wp\/v2\/posts\/5742\/revisions\/5744"}],"wp:featuredmedia":[{"embeddable":true,"href":"https:\/\/emisora.univalle.edu.co\/index.php\/wp-json\/wp\/v2\/media\/5743"}],"wp:attachment":[{"href":"https:\/\/emisora.univalle.edu.co\/index.php\/wp-json\/wp\/v2\/media?parent=5742"}],"wp:term":[{"taxonomy":"category","embeddable":true,"href":"https:\/\/emisora.univalle.edu.co\/index.php\/wp-json\/wp\/v2\/categories?post=5742"},{"taxonomy":"post_tag","embeddable":true,"href":"https:\/\/emisora.univalle.edu.co\/index.php\/wp-json\/wp\/v2\/tags?post=5742"}],"curies":[{"name":"wp","href":"https:\/\/api.w.org\/{rel}","templated":true}]}}