{"id":5749,"date":"2015-07-29T15:46:01","date_gmt":"2015-07-29T20:46:01","guid":{"rendered":"https:\/\/emisora.univalle.edu.co\/\/?p=5749"},"modified":"2015-07-29T15:46:01","modified_gmt":"2015-07-29T20:46:01","slug":"gerente-de-acuavalle-pide-los-usuarios-en-33-municipios-ahorrar-agua","status":"publish","type":"post","link":"https:\/\/emisora.univalle.edu.co\/index.php\/gerente-de-acuavalle-pide-los-usuarios-en-33-municipios-ahorrar-agua\/","title":{"rendered":"Gerente de Acuavalle pide a los usuarios en 33 municipios ahorrar agua"},"content":{"rendered":"<p><span style=\"line-height: 1.5em;\">Un llamado a los m\u00e1s de 160 mil suscriptores que tiene Acuavalle S.A. E.S.P., hizo el gerente de la entidad, Humberto Swann Barona, para que hagan uso racional del agua y eviten desperdiciar el l\u00edquido, ya que las altas temperaturas que se presentan por el intenso verano, han disminuido los caudales de los r\u00edos que surten a las plantas de potabilizaci\u00f3n de los 33 municipios donde la empresa presta el servicio de acueducto.<\/span><\/p>\n<p>Ante lo posibilidad que la actual temporada seca se extienda hasta octubre pr\u00f3ximo, el funcionario record\u00f3 a las m\u00e1s de 600 mil personas que utilizan el servicio de Acuavalle S.A. E.S.P., la necesidad de hacer un uso mesurado y eficiente del agua potable, al tiempo que cit\u00f3 el caso del municipio de Vijes, en donde se ha tenido que aplicar racionamiento en algunos sectores de dicha poblaci\u00f3n.<\/p>\n<p>\u201cLa disponibilidad de agua en nuestras fuentes se reduce dram\u00e1ticamente por esta \u00e9poca, y si a eso le sumamos la prolongaci\u00f3n del fen\u00f3meno del ni\u00f1o, que desde hace unos meses afecta a varias regiones, estamos hablando que hac\u00eda el mes de octubre se nos pueden presentar serias dificultades en el suministro de agua potable en varias poblaciones. Ojal\u00e1 no lleguemos a tener esa situaci\u00f3n\u201d, subray\u00f3 el gerente Swann Barona.<\/p>\n<p>Entre las acciones que recomienda el alto funcionario a los usuarios, est\u00e1 la revisi\u00f3n de las redes internas de las viviendas, con el fin de detectar fugas de agua que puedan ser reparadas, y as\u00ed evitar p\u00e9rdidas del l\u00edquido.<\/p>\n<p>\u201cTambi\u00e9n es importante recordar que el agua potable debe usarse estrictamente para el consumo humano, por esta raz\u00f3n no se debe utilizar para lavar fachadas, andenes o veh\u00edculos. Para ello existen alternativas como el re-uso del agua de la lavadora o la que se pueda recoger en la ducha\u201d, recalc\u00f3.<\/p>\n<p>Otros de los factores que ha afectado las fuentes abastecedoras de los acueductos que opera Acuavalle S.A. E.S.P., es el uso desmedido de algunos usuarios con concesiones para el riego de cultivos, que lo est\u00e1n haciendo durante el d\u00eda, cuando debieran hacerlo en las noches, para no impactar el suministro para el consumo humano.<\/p>\n<p>Para atender un eventual desabastecimiento por una dr\u00e1stica disminuci\u00f3n de los caudales, Acuavalle S.A. E.S.P. tiene previsto su plan de contingencia, el cual contempla tres etapas, que consisten en la sensibilizaci\u00f3n a los usuarios para que hagan un consumo racional, suministrar el l\u00edquido mediante la sectorizaci\u00f3n de los municipios, y la tercera, que comprende el uso de carrotanques para abastecer a la poblaci\u00f3n en casos extremos.<\/p>\n","protected":false},"excerpt":{"rendered":"<p>Un llamado a los m\u00e1s de 160 mil suscriptores que tiene Acuavalle S.A. E.S.P., hizo el gerente de la entidad, Humberto Swann Barona, para que hagan uso racional del agua y eviten desperdiciar el l\u00edquido, ya que las altas temperaturas que se presentan por el intenso verano, han disminuido los[&#8230;]<\/p>\n","protected":false},"author":1,"featured_media":5728,"comment_status":"open","ping_status":"open","sticky":false,"template":"","format":"standard","meta":{"footnotes":""},"categories":[4],"tags":[],"_links":{"self":[{"href":"https:\/\/emisora.univalle.edu.co\/index.php\/wp-json\/wp\/v2\/posts\/5749"}],"collection":[{"href":"https:\/\/emisora.univalle.edu.co\/index.php\/wp-json\/wp\/v2\/posts"}],"about":[{"href":"https:\/\/emisora.univalle.edu.co\/index.php\/wp-json\/wp\/v2\/types\/post"}],"author":[{"embeddable":true,"href":"https:\/\/emisora.univalle.edu.co\/index.php\/wp-json\/wp\/v2\/users\/1"}],"replies":[{"embeddable":true,"href":"https:\/\/emisora.univalle.edu.co\/index.php\/wp-json\/wp\/v2\/comments?post=5749"}],"version-history":[{"count":1,"href":"https:\/\/emisora.univalle.edu.co\/index.php\/wp-json\/wp\/v2\/posts\/5749\/revisions"}],"predecessor-version":[{"id":5750,"href":"https:\/\/emisora.univalle.edu.co\/index.php\/wp-json\/wp\/v2\/posts\/5749\/revisions\/5750"}],"wp:featuredmedia":[{"embeddable":true,"href":"https:\/\/emisora.univalle.edu.co\/index.php\/wp-json\/wp\/v2\/media\/5728"}],"wp:attachment":[{"href":"https:\/\/emisora.univalle.edu.co\/index.php\/wp-json\/wp\/v2\/media?parent=5749"}],"wp:term":[{"taxonomy":"category","embeddable":true,"href":"https:\/\/emisora.univalle.edu.co\/index.php\/wp-json\/wp\/v2\/categories?post=5749"},{"taxonomy":"post_tag","embeddable":true,"href":"https:\/\/emisora.univalle.edu.co\/index.php\/wp-json\/wp\/v2\/tags?post=5749"}],"curies":[{"name":"wp","href":"https:\/\/api.w.org\/{rel}","templated":true}]}}