{"id":5787,"date":"2015-07-30T15:05:44","date_gmt":"2015-07-30T20:05:44","guid":{"rendered":"https:\/\/emisora.univalle.edu.co\/\/?p=5787"},"modified":"2015-07-30T15:05:44","modified_gmt":"2015-07-30T20:05:44","slug":"gobernador-lanzo-proyecto-piloto-nacional-sobre-formulacion-del-plan-de-ordenamiento-territorial-del-valle","status":"publish","type":"post","link":"https:\/\/emisora.univalle.edu.co\/index.php\/gobernador-lanzo-proyecto-piloto-nacional-sobre-formulacion-del-plan-de-ordenamiento-territorial-del-valle\/","title":{"rendered":"Gobernador lanz\u00f3 Proyecto Piloto Nacional sobre Formulaci\u00f3n del Plan de Ordenamiento Territorial del Valle"},"content":{"rendered":"<p><span style=\"line-height: 1.5em;\">El gobernador Ubeimar Delgado Bland\u00f3n hizo el lanzamiento del Proyecto Piloto Nacional Formulaci\u00f3n del Plan de Ordenamiento Territorial del Valle del Cauca que permitir\u00e1 un desarrollo y una expansi\u00f3n del departamento con pertinencia y sostenibilidad.<\/span><\/p>\n<p>Para el Gobernador del Valle del Cauca Ubeimar Delgado Bland\u00f3n es de trascendental importancia que de acuerdo a las caracter\u00edsticas de cada territorio sean dirigidas todas las ayudas y la oferta institucional del gobierno departamental.<\/p>\n<p>\u201cEs importante esta articulaci\u00f3n con la Universidad San Buenaventura para lograr explotar las grandes condiciones del Valle como su biodiversidad, su riqueza en fauna y flora y la cercan\u00eda con el Pacifico a trav\u00e9s del Puerto m\u00e1s importante del sur occidente colombiano con est\u00e9 proyecto que se convierte en una hoja de ruta para el desarrollo vallecaucano\u201d, asever\u00f3 el mandatario departamental.<\/p>\n<p>El director de Planeaci\u00f3n del Valle del Cauca Juan Guillermo Valencia de la Torre dijo que est\u00e9 Plan de Ordenamiento Territorial sirve para articular las pol\u00edticas, directrices y estrategias de orden departamental con las necesidades y requerimientos m\u00e1s apremiantes para los diferentes territorios.<\/p>\n<p>\u201cEst\u00e9 proyecto fue financiado por el Sistema General de Regal\u00edas que en sus estudios hizo una inversi\u00f3n de $500 millones y para la ejecuci\u00f3n $2.200 millones y estar\u00e1 listo en un t\u00e9rmino de 18 meses\u201d, sostuvo el funcionario.<\/p>\n<p>En la actualidad el Valle del Cauca est\u00e1 dividido en la subregi\u00f3n Sur, Centro, Norte y Pac\u00edfica.<\/p>\n<p>Fuente: Comunicaciones Gobernaci\u00f3n<\/p>\n","protected":false},"excerpt":{"rendered":"<p>El gobernador Ubeimar Delgado Bland\u00f3n hizo el lanzamiento del Proyecto Piloto Nacional Formulaci\u00f3n del Plan de Ordenamiento Territorial del Valle del Cauca que permitir\u00e1 un desarrollo y una expansi\u00f3n del departamento con pertinencia y sostenibilidad. Para el Gobernador del Valle del Cauca Ubeimar Delgado Bland\u00f3n es de trascendental importancia que[&#8230;]<\/p>\n","protected":false},"author":1,"featured_media":5770,"comment_status":"open","ping_status":"open","sticky":false,"template":"","format":"standard","meta":{"footnotes":""},"categories":[4],"tags":[],"_links":{"self":[{"href":"https:\/\/emisora.univalle.edu.co\/index.php\/wp-json\/wp\/v2\/posts\/5787"}],"collection":[{"href":"https:\/\/emisora.univalle.edu.co\/index.php\/wp-json\/wp\/v2\/posts"}],"about":[{"href":"https:\/\/emisora.univalle.edu.co\/index.php\/wp-json\/wp\/v2\/types\/post"}],"author":[{"embeddable":true,"href":"https:\/\/emisora.univalle.edu.co\/index.php\/wp-json\/wp\/v2\/users\/1"}],"replies":[{"embeddable":true,"href":"https:\/\/emisora.univalle.edu.co\/index.php\/wp-json\/wp\/v2\/comments?post=5787"}],"version-history":[{"count":1,"href":"https:\/\/emisora.univalle.edu.co\/index.php\/wp-json\/wp\/v2\/posts\/5787\/revisions"}],"predecessor-version":[{"id":5788,"href":"https:\/\/emisora.univalle.edu.co\/index.php\/wp-json\/wp\/v2\/posts\/5787\/revisions\/5788"}],"wp:featuredmedia":[{"embeddable":true,"href":"https:\/\/emisora.univalle.edu.co\/index.php\/wp-json\/wp\/v2\/media\/5770"}],"wp:attachment":[{"href":"https:\/\/emisora.univalle.edu.co\/index.php\/wp-json\/wp\/v2\/media?parent=5787"}],"wp:term":[{"taxonomy":"category","embeddable":true,"href":"https:\/\/emisora.univalle.edu.co\/index.php\/wp-json\/wp\/v2\/categories?post=5787"},{"taxonomy":"post_tag","embeddable":true,"href":"https:\/\/emisora.univalle.edu.co\/index.php\/wp-json\/wp\/v2\/tags?post=5787"}],"curies":[{"name":"wp","href":"https:\/\/api.w.org\/{rel}","templated":true}]}}