{"id":5793,"date":"2015-07-30T15:10:13","date_gmt":"2015-07-30T20:10:13","guid":{"rendered":"https:\/\/emisora.univalle.edu.co\/\/?p=5793"},"modified":"2015-07-30T15:10:13","modified_gmt":"2015-07-30T20:10:13","slug":"musica-y-baile-en-el-festival-de-salsa-y-verano-cali-2015-este-sabado","status":"publish","type":"post","link":"https:\/\/emisora.univalle.edu.co\/index.php\/musica-y-baile-en-el-festival-de-salsa-y-verano-cali-2015-este-sabado\/","title":{"rendered":"M\u00fasica y baile en el Festival de Salsa y Verano Cali 2015, este s\u00e1bado"},"content":{"rendered":"<p><span style=\"line-height: 1.5em;\">Cali disfrutar\u00e1 del Festival de Salsa y Verano 2015, este s\u00e1bado 1 de agosto en las canchas de baloncesto de la Unidad Deportiva Jaime Aparicio, de 2:00 p.m. a 2:00 a.m.<\/span><\/p>\n<p>Durante 12 horas continuas, los cale\u00f1os podr\u00e1n disfrutar de una variada programaci\u00f3n art\u00edstica, espect\u00e1culos de baile, presentaciones musicales y mucho m\u00e1s, de forma gratuita.<\/p>\n<p>En el Festival de Salsa y Verano 2015 se llevar\u00e1 a cabo la viejoteca al aire libre m\u00e1s grande que se haya realizado hasta el momento en la ciudad, con la programaci\u00f3n de solo \u00e9xitos musicales por parte de los mejores disc\u00f3manos de los establecimientos m\u00e1s reconocidos de la rumba en Cali.<\/p>\n<p>Los asistentes al Festival tambi\u00e9n podr\u00e1n disfrutar con los espect\u00e1culos de baile del \u2018Mulato y Martha\u2019, \u2018Los reyes del Bolero y el Son, \u00c9dgar y Yolanda\u2019 y Carlos Paz. Adem\u00e1s de la audici\u00f3n de las parejas de bailadores para el Sals\u00f3dromo 2015.<\/p>\n<p>Entre las presentaciones musicales estar\u00e1n la Cali Charanga, celebrando sus 30 a\u00f1os de trayectoria musical y la agrupaci\u00f3n Gamuza y Charol, interpretando todos sus \u00e9xitos.<\/p>\n<p>Las orquestas cale\u00f1as tambi\u00e9n estar\u00e1n presentes en el Festival de Salsa y Verano, con homenajes a importantes exponentes de la salsa de todos los tiempos.<\/p>\n<p>La asociaci\u00f3n Asonovas realizar\u00e1 un homenaje a \u00c1ngel Canales; Amvarc, a Cheo Feliciano, y Promusival, a Bobby Valent\u00edn.<\/p>\n<p>Es importante recordar que durante el Festival se llevar\u00e1 a cabo la audici\u00f3n de bailadores para el Sals\u00f3dromo 2015, los cuales pueden inscribirse gratuitamente hasta el 30 de julio, descargando el formulario de www.corfecali.com.co y www.feriadecali.com.co y radic\u00e1ndolo en la oficina de Corfecali, en la carrera 66b #9\u2013115, barrio El Limonar.<\/p>\n<p>&nbsp;<\/p>\n<p>Fuente: Comunicaciones Corfecali<\/p>\n","protected":false},"excerpt":{"rendered":"<p>Cali disfrutar\u00e1 del Festival de Salsa y Verano 2015, este s\u00e1bado 1 de agosto en las canchas de baloncesto de la Unidad Deportiva Jaime Aparicio, de 2:00 p.m. a 2:00 a.m. Durante 12 horas continuas, los cale\u00f1os podr\u00e1n disfrutar de una variada programaci\u00f3n art\u00edstica, espect\u00e1culos de baile, presentaciones musicales y[&#8230;]<\/p>\n","protected":false},"author":1,"featured_media":5772,"comment_status":"open","ping_status":"open","sticky":false,"template":"","format":"standard","meta":{"footnotes":""},"categories":[4],"tags":[],"_links":{"self":[{"href":"https:\/\/emisora.univalle.edu.co\/index.php\/wp-json\/wp\/v2\/posts\/5793"}],"collection":[{"href":"https:\/\/emisora.univalle.edu.co\/index.php\/wp-json\/wp\/v2\/posts"}],"about":[{"href":"https:\/\/emisora.univalle.edu.co\/index.php\/wp-json\/wp\/v2\/types\/post"}],"author":[{"embeddable":true,"href":"https:\/\/emisora.univalle.edu.co\/index.php\/wp-json\/wp\/v2\/users\/1"}],"replies":[{"embeddable":true,"href":"https:\/\/emisora.univalle.edu.co\/index.php\/wp-json\/wp\/v2\/comments?post=5793"}],"version-history":[{"count":1,"href":"https:\/\/emisora.univalle.edu.co\/index.php\/wp-json\/wp\/v2\/posts\/5793\/revisions"}],"predecessor-version":[{"id":5794,"href":"https:\/\/emisora.univalle.edu.co\/index.php\/wp-json\/wp\/v2\/posts\/5793\/revisions\/5794"}],"wp:featuredmedia":[{"embeddable":true,"href":"https:\/\/emisora.univalle.edu.co\/index.php\/wp-json\/wp\/v2\/media\/5772"}],"wp:attachment":[{"href":"https:\/\/emisora.univalle.edu.co\/index.php\/wp-json\/wp\/v2\/media?parent=5793"}],"wp:term":[{"taxonomy":"category","embeddable":true,"href":"https:\/\/emisora.univalle.edu.co\/index.php\/wp-json\/wp\/v2\/categories?post=5793"},{"taxonomy":"post_tag","embeddable":true,"href":"https:\/\/emisora.univalle.edu.co\/index.php\/wp-json\/wp\/v2\/tags?post=5793"}],"curies":[{"name":"wp","href":"https:\/\/api.w.org\/{rel}","templated":true}]}}