{"id":5797,"date":"2015-07-30T15:14:01","date_gmt":"2015-07-30T20:14:01","guid":{"rendered":"https:\/\/emisora.univalle.edu.co\/\/?p=5797"},"modified":"2015-07-30T15:14:01","modified_gmt":"2015-07-30T20:14:01","slug":"200-colegios-se-alistan-para-la-fase-5-de-la-revolucion-la-educacion-de-calenos","status":"publish","type":"post","link":"https:\/\/emisora.univalle.edu.co\/index.php\/200-colegios-se-alistan-para-la-fase-5-de-la-revolucion-la-educacion-de-calenos\/","title":{"rendered":"200 colegios se alistan para la fase 5 de la revoluci\u00f3n a la educaci\u00f3n de cale\u00f1os"},"content":{"rendered":"<p><span style=\"line-height: 1.5em;\">400 unidades de carga y almacenamiento, 16.000 tabletas y 400 videoproyectores interactivos llegar\u00e1n a estas sedes educativas acompa\u00f1adas de un proceso de formaci\u00f3n docente otorgado a trav\u00e9s del curso de \u2018Ambientes de Aprendizaje Mediados por TIC\u2019, ejercicio que parte de la postulaci\u00f3n voluntaria, la participaci\u00f3n y el compromiso institucional del directivo docente y su comunidad educativa.<\/span><\/p>\n<p>En reuni\u00f3n de socializaci\u00f3n de la fase mencionada con los rectores y coordinadores de estas instituciones educativas, el secretario de Educaci\u00f3n, \u00c9dgar Jos\u00e9 Polanco Pereira, afirm\u00f3 que \u201cpara esta quinta fase del proyecto, la propuesta de aula digital que traemos es especial, hay unas modificaciones en el elemento de movilidad de las aulas, toda vez que no solo entregamos aulas instaladas sino Unidades de Carga y Almacenamiento M\u00f3viles\u201d.<\/p>\n<p>\u201cCon ello \u2013precisa el funcionario- se le apuesta a llegar a m\u00e1s estudiantes y docentes beneficiados\u201d, y adem\u00e1s agrega que \u201ccon esta etapa final logramos que a diciembre de este a\u00f1o todas las instituciones educativas oficiales de Cali tengan educaci\u00f3n digital en sus aulas\u201d.<\/p>\n<p>Con la fase 5 de Tit@ se cumple con las expectativas de la comunidad educativa. En este proceso rectores, administrativos, docentes y estudiantes inician ahora el ejercicio de implementaci\u00f3n del proyecto, un proceso de alistamiento que los prepara para incorporar la tecnolog\u00eda a sus pr\u00e1cticas educativas.<\/p>\n<p>\u201cLas expectativas con este proyecto son muchas, el municipio con este programa ha dado un paso gigantesco, porque en los \u00faltimos 50 a\u00f1os no se hab\u00eda hecho una consecuci\u00f3n de equipos que cambien las pr\u00e1cticas pedag\u00f3gicas de los maestros en clases\u201d, manifest\u00f3 el rector de la Instituci\u00f3n Educativa Oficial Santa Librada, Ram\u00f3n Ignacio Atehort\u00faa.<\/p>\n<p>\u00a1Cali lo est\u00e1 logrando!, la revoluci\u00f3n educativa y digital en las Instituciones Educativas Oficiales es una realidad, m\u00e1s ni\u00f1os y j\u00f3venes podr\u00e1n disfrutar de las jornadas de trabajo colaborativo, que llegar\u00e1n a sus aulas de clase, que estar\u00e1n acompa\u00f1adas de docentes formados y capacitados en el manejo de ambientes de aprendizaje, mediados por el uso de las TIC.<\/p>\n<p>Comunicaciones, Secretar\u00eda de Educaci\u00f3n<\/p>\n","protected":false},"excerpt":{"rendered":"<p>400 unidades de carga y almacenamiento, 16.000 tabletas y 400 videoproyectores interactivos llegar\u00e1n a estas sedes educativas acompa\u00f1adas de un proceso de formaci\u00f3n docente otorgado a trav\u00e9s del curso de \u2018Ambientes de Aprendizaje Mediados por TIC\u2019, ejercicio que parte de la postulaci\u00f3n voluntaria, la participaci\u00f3n y el compromiso institucional del[&#8230;]<\/p>\n","protected":false},"author":1,"featured_media":5783,"comment_status":"open","ping_status":"open","sticky":false,"template":"","format":"standard","meta":{"footnotes":""},"categories":[4],"tags":[],"_links":{"self":[{"href":"https:\/\/emisora.univalle.edu.co\/index.php\/wp-json\/wp\/v2\/posts\/5797"}],"collection":[{"href":"https:\/\/emisora.univalle.edu.co\/index.php\/wp-json\/wp\/v2\/posts"}],"about":[{"href":"https:\/\/emisora.univalle.edu.co\/index.php\/wp-json\/wp\/v2\/types\/post"}],"author":[{"embeddable":true,"href":"https:\/\/emisora.univalle.edu.co\/index.php\/wp-json\/wp\/v2\/users\/1"}],"replies":[{"embeddable":true,"href":"https:\/\/emisora.univalle.edu.co\/index.php\/wp-json\/wp\/v2\/comments?post=5797"}],"version-history":[{"count":1,"href":"https:\/\/emisora.univalle.edu.co\/index.php\/wp-json\/wp\/v2\/posts\/5797\/revisions"}],"predecessor-version":[{"id":5798,"href":"https:\/\/emisora.univalle.edu.co\/index.php\/wp-json\/wp\/v2\/posts\/5797\/revisions\/5798"}],"wp:featuredmedia":[{"embeddable":true,"href":"https:\/\/emisora.univalle.edu.co\/index.php\/wp-json\/wp\/v2\/media\/5783"}],"wp:attachment":[{"href":"https:\/\/emisora.univalle.edu.co\/index.php\/wp-json\/wp\/v2\/media?parent=5797"}],"wp:term":[{"taxonomy":"category","embeddable":true,"href":"https:\/\/emisora.univalle.edu.co\/index.php\/wp-json\/wp\/v2\/categories?post=5797"},{"taxonomy":"post_tag","embeddable":true,"href":"https:\/\/emisora.univalle.edu.co\/index.php\/wp-json\/wp\/v2\/tags?post=5797"}],"curies":[{"name":"wp","href":"https:\/\/api.w.org\/{rel}","templated":true}]}}