{"id":5805,"date":"2015-07-30T15:20:15","date_gmt":"2015-07-30T20:20:15","guid":{"rendered":"https:\/\/emisora.univalle.edu.co\/\/?p=5805"},"modified":"2015-07-30T15:20:15","modified_gmt":"2015-07-30T20:20:15","slug":"secretaria-de-turismo-del-valle-invita-las-ferias-y-fiestas-municipales-que-se-aproximan","status":"publish","type":"post","link":"https:\/\/emisora.univalle.edu.co\/index.php\/secretaria-de-turismo-del-valle-invita-las-ferias-y-fiestas-municipales-que-se-aproximan\/","title":{"rendered":"Secretaria de Turismo del Valle invita a las Ferias y Fiestas municipales que se aproximan"},"content":{"rendered":"<p><span style=\"line-height: 1.5em;\">La Secretaria de Turismo del Valle del Cauca Piedad Varela, invita a la comunidad vallecaucana para que se vinculen a la celebraci\u00f3n de las ferias y fiestas municipales de Caicedonia y Bugalagrande que se realizar\u00e1n durante este mes de agosto.<\/span><\/p>\n<p>\u201cPara nosotros como secretar\u00eda de Turismo y comercio del departamento es muy importante fomentar el apoyo a las festividades que celebran los diferentes municipios debido a sus aniversarios, por esta raz\u00f3n extendemos una invitaci\u00f3n a toda la comunidad vallecaucana para que este fin de semana se acerquen al municipio de Caicedonia donde celebran sus 105 a\u00f1os de fundaci\u00f3n con cabalgata, reinado del agroturismo y artistas de talla nacional. De igual manera en el municipio de Bugalagrande para el segundo fin de semana de agosto se realizar\u00e1n las festividades municipales donde tendr\u00e1n artistas nacionales e internacionales\u201d, dijo la Secretaria de Turismo, Piedad Varela Marmolejo.<\/p>\n<p>La Gobernaci\u00f3n del Valle del Cauca a trav\u00e9s de la Secretar\u00eda de Turismo y comercio, viene apoyando la realizaci\u00f3n de las ferias y fiestas aniversarias de los municipios norte y centro vallecaucanos, por tal motivo extiende la invitaci\u00f3n a toda la ciudadan\u00eda para que asistan y disfruten de nuestro folclor.<\/p>\n<p>La funcionaria a\u00f1adi\u00f3 adem\u00e1s, que la invitaci\u00f3n no es solo para los mismos ciudadanos de los municipios sino para todos los residentes en Cali que tienen sus ra\u00edces en los diferentes municipios del Valle del Cauca.<\/p>\n<p>Fuente: Comunicaciones Gobernaci\u00f3n<\/p>\n","protected":false},"excerpt":{"rendered":"<p>La Secretaria de Turismo del Valle del Cauca Piedad Varela, invita a la comunidad vallecaucana para que se vinculen a la celebraci\u00f3n de las ferias y fiestas municipales de Caicedonia y Bugalagrande que se realizar\u00e1n durante este mes de agosto. \u201cPara nosotros como secretar\u00eda de Turismo y comercio del departamento[&#8230;]<\/p>\n","protected":false},"author":1,"featured_media":5767,"comment_status":"open","ping_status":"open","sticky":false,"template":"","format":"standard","meta":{"footnotes":""},"categories":[4],"tags":[],"_links":{"self":[{"href":"https:\/\/emisora.univalle.edu.co\/index.php\/wp-json\/wp\/v2\/posts\/5805"}],"collection":[{"href":"https:\/\/emisora.univalle.edu.co\/index.php\/wp-json\/wp\/v2\/posts"}],"about":[{"href":"https:\/\/emisora.univalle.edu.co\/index.php\/wp-json\/wp\/v2\/types\/post"}],"author":[{"embeddable":true,"href":"https:\/\/emisora.univalle.edu.co\/index.php\/wp-json\/wp\/v2\/users\/1"}],"replies":[{"embeddable":true,"href":"https:\/\/emisora.univalle.edu.co\/index.php\/wp-json\/wp\/v2\/comments?post=5805"}],"version-history":[{"count":1,"href":"https:\/\/emisora.univalle.edu.co\/index.php\/wp-json\/wp\/v2\/posts\/5805\/revisions"}],"predecessor-version":[{"id":5806,"href":"https:\/\/emisora.univalle.edu.co\/index.php\/wp-json\/wp\/v2\/posts\/5805\/revisions\/5806"}],"wp:featuredmedia":[{"embeddable":true,"href":"https:\/\/emisora.univalle.edu.co\/index.php\/wp-json\/wp\/v2\/media\/5767"}],"wp:attachment":[{"href":"https:\/\/emisora.univalle.edu.co\/index.php\/wp-json\/wp\/v2\/media?parent=5805"}],"wp:term":[{"taxonomy":"category","embeddable":true,"href":"https:\/\/emisora.univalle.edu.co\/index.php\/wp-json\/wp\/v2\/categories?post=5805"},{"taxonomy":"post_tag","embeddable":true,"href":"https:\/\/emisora.univalle.edu.co\/index.php\/wp-json\/wp\/v2\/tags?post=5805"}],"curies":[{"name":"wp","href":"https:\/\/api.w.org\/{rel}","templated":true}]}}