{"id":5807,"date":"2015-07-30T15:21:35","date_gmt":"2015-07-30T20:21:35","guid":{"rendered":"https:\/\/emisora.univalle.edu.co\/\/?p=5807"},"modified":"2015-07-30T15:21:35","modified_gmt":"2015-07-30T20:21:35","slug":"2-500-cupos-disponibles-para-la-educacion-de-adultos-del-valle-del-cauca","status":"publish","type":"post","link":"https:\/\/emisora.univalle.edu.co\/index.php\/2-500-cupos-disponibles-para-la-educacion-de-adultos-del-valle-del-cauca\/","title":{"rendered":"2.500 cupos disponibles para la educaci\u00f3n de adultos del Valle del Cauca"},"content":{"rendered":"<p><span style=\"line-height: 1.5em;\">El secretario de educaci\u00f3n departamental, Jos\u00e9 Gustavo Padilla Orozco anunci\u00f3 que se disponen 2.500 cupos para la poblaci\u00f3n adulta que desee ingresar al sistema educativo oficial, con el prop\u00f3sito de reducir el analfabetismo a cero en el Valle del Cauca y disminuir la deserci\u00f3n escolar de j\u00f3venes mayores de 15 a\u00f1os y personas adultas.<\/span><\/p>\n<p>La oferta educativa hace parte de la l\u00ednea estrat\u00e9gica de la pol\u00edtica p\u00fablica del Gobierno Nacional \u2018Colombia libre de analfabetismo\u2019, que desarrolla la citada secretar\u00eda con apoyo del Ministerio de Educaci\u00f3n a trav\u00e9s del modelo flexible \u2018ESPERE\u2019 que responde a las necesidades de educaci\u00f3n de los adultos, as\u00ed como a los est\u00e1ndares b\u00e1sicos de competencias. El modelo se adapta a fin de garantizar la prestaci\u00f3n del servicio educativo de manera pertinente y diferenciada a un grupo poblacional dentro de un contexto espec\u00edfico y se apoya en tecnolog\u00edas y materiales educativos propios.<\/p>\n<p>Jos\u00e9 Gustavo Padilla Orozco, titular de la cartera educativa, afirm\u00f3 que, \u201cpor medio de la subsecretar\u00eda de cobertura educativa estamos brindando todo el apoyo necesario para que se inicie el proceso de matr\u00edcula a partir del 1 de agosto, y en este momento se est\u00e1n empezando a focalizar a estos estudiantes. Los cupos est\u00e1n disponibles para aquellas personas que quieran ingresar al ciclo I de la educaci\u00f3n primaria, grados 1, 2 y 3. Esperamos que con estas actividades que se est\u00e1n desarrollando con el MEN, al finalizar el a\u00f1o, podamos bajar el \u00edndice de analfabetismo a cero para convertirnos en pioneros en la erradicaci\u00f3n del analfabetismo en el departamento\u201d.<\/p>\n<p>Es as\u00ed como la administraci\u00f3n departamental cumple con las metas del plan de desarrollo \u2018Vallecaucanos hag\u00e1moslo bien\u2019 que contempla que el \u00edndice de analfabetismo est\u00e9 por debajo del 4 por ciento, raz\u00f3n por la que el departamento podr\u00eda ser declarado \u2018territorio libre de analfabetismo\u2019.<\/p>\n<p>Fuente: Comunicaciones Gobernaci\u00f3n<\/p>\n","protected":false},"excerpt":{"rendered":"<p>El secretario de educaci\u00f3n departamental, Jos\u00e9 Gustavo Padilla Orozco anunci\u00f3 que se disponen 2.500 cupos para la poblaci\u00f3n adulta que desee ingresar al sistema educativo oficial, con el prop\u00f3sito de reducir el analfabetismo a cero en el Valle del Cauca y disminuir la deserci\u00f3n escolar de j\u00f3venes mayores de 15[&#8230;]<\/p>\n","protected":false},"author":1,"featured_media":5764,"comment_status":"open","ping_status":"open","sticky":false,"template":"","format":"standard","meta":{"footnotes":""},"categories":[4],"tags":[],"_links":{"self":[{"href":"https:\/\/emisora.univalle.edu.co\/index.php\/wp-json\/wp\/v2\/posts\/5807"}],"collection":[{"href":"https:\/\/emisora.univalle.edu.co\/index.php\/wp-json\/wp\/v2\/posts"}],"about":[{"href":"https:\/\/emisora.univalle.edu.co\/index.php\/wp-json\/wp\/v2\/types\/post"}],"author":[{"embeddable":true,"href":"https:\/\/emisora.univalle.edu.co\/index.php\/wp-json\/wp\/v2\/users\/1"}],"replies":[{"embeddable":true,"href":"https:\/\/emisora.univalle.edu.co\/index.php\/wp-json\/wp\/v2\/comments?post=5807"}],"version-history":[{"count":1,"href":"https:\/\/emisora.univalle.edu.co\/index.php\/wp-json\/wp\/v2\/posts\/5807\/revisions"}],"predecessor-version":[{"id":5808,"href":"https:\/\/emisora.univalle.edu.co\/index.php\/wp-json\/wp\/v2\/posts\/5807\/revisions\/5808"}],"wp:featuredmedia":[{"embeddable":true,"href":"https:\/\/emisora.univalle.edu.co\/index.php\/wp-json\/wp\/v2\/media\/5764"}],"wp:attachment":[{"href":"https:\/\/emisora.univalle.edu.co\/index.php\/wp-json\/wp\/v2\/media?parent=5807"}],"wp:term":[{"taxonomy":"category","embeddable":true,"href":"https:\/\/emisora.univalle.edu.co\/index.php\/wp-json\/wp\/v2\/categories?post=5807"},{"taxonomy":"post_tag","embeddable":true,"href":"https:\/\/emisora.univalle.edu.co\/index.php\/wp-json\/wp\/v2\/tags?post=5807"}],"curies":[{"name":"wp","href":"https:\/\/api.w.org\/{rel}","templated":true}]}}