{"id":5834,"date":"2015-07-31T14:49:32","date_gmt":"2015-07-31T19:49:32","guid":{"rendered":"https:\/\/emisora.univalle.edu.co\/\/?p=5834"},"modified":"2015-07-31T14:49:32","modified_gmt":"2015-07-31T19:49:32","slug":"cali-se-prepara-para-la-version-14-del-foro-municipal-de-educacion","status":"publish","type":"post","link":"https:\/\/emisora.univalle.edu.co\/index.php\/cali-se-prepara-para-la-version-14-del-foro-municipal-de-educacion\/","title":{"rendered":"Cali se prepara para la versi\u00f3n 14 del Foro Municipal de Educaci\u00f3n"},"content":{"rendered":"<p><span style=\"line-height: 1.5em;\">La Secretar\u00eda de Educaci\u00f3n Municipal llev\u00f3 a cabo seis preforos educativos, uno en cada una de las zonas educativas de la ciudad, con la participaci\u00f3n de cerca de 400 personas entre rectores, personal de las zonas educativas, docentes, coordinadores y tutores del programa Todos a Aprender.<\/span><\/p>\n<p>Es as\u00ed como los preforos fueron concebidos bajo las directrices del Ministerio de Educaci\u00f3n Nacional y como espacios de reflexi\u00f3n pedag\u00f3gica que concentran sus esfuerzos en la participaci\u00f3n y reflexi\u00f3n frente a \u201clas mejores pr\u00e1cticas de aula: clases inspiradoras\u201d, desarrolladas a partir de las preguntas: \u00bfQu\u00e9 es una buena clase? y\u00a0 \u00bfC\u00f3mo Saberlo?<\/p>\n<p>Las repuestas, construidas de manera colectiva, reflejaron la diversidad cultural y la riqueza creativa de los docentes que se la juegan a diario en las aulas.<\/p>\n<p>Por consiguiente, las mencionadas actividades arrojaron conclusiones que servir\u00e1n como insumos para el pr\u00f3ximo XIV Foro Educativo Municipal a realizarse en la capital del Valle este 6 de agosto.<\/p>\n<p>Finalmente, los resultados salientes de estos escenarios de construcci\u00f3n colectiva ser\u00e1n aporte a las conclusiones previas para el Foro Nacional de Educaci\u00f3n, organizado por el Ministerio de Educaci\u00f3n.<\/p>\n<p>Fuente: Comunicaciones, Secretar\u00eda de Educaci\u00f3n<\/p>\n","protected":false},"excerpt":{"rendered":"<p>La Secretar\u00eda de Educaci\u00f3n Municipal llev\u00f3 a cabo seis preforos educativos, uno en cada una de las zonas educativas de la ciudad, con la participaci\u00f3n de cerca de 400 personas entre rectores, personal de las zonas educativas, docentes, coordinadores y tutores del programa Todos a Aprender. Es as\u00ed como los[&#8230;]<\/p>\n","protected":false},"author":1,"featured_media":5828,"comment_status":"open","ping_status":"open","sticky":false,"template":"","format":"standard","meta":{"footnotes":""},"categories":[4],"tags":[],"_links":{"self":[{"href":"https:\/\/emisora.univalle.edu.co\/index.php\/wp-json\/wp\/v2\/posts\/5834"}],"collection":[{"href":"https:\/\/emisora.univalle.edu.co\/index.php\/wp-json\/wp\/v2\/posts"}],"about":[{"href":"https:\/\/emisora.univalle.edu.co\/index.php\/wp-json\/wp\/v2\/types\/post"}],"author":[{"embeddable":true,"href":"https:\/\/emisora.univalle.edu.co\/index.php\/wp-json\/wp\/v2\/users\/1"}],"replies":[{"embeddable":true,"href":"https:\/\/emisora.univalle.edu.co\/index.php\/wp-json\/wp\/v2\/comments?post=5834"}],"version-history":[{"count":1,"href":"https:\/\/emisora.univalle.edu.co\/index.php\/wp-json\/wp\/v2\/posts\/5834\/revisions"}],"predecessor-version":[{"id":5835,"href":"https:\/\/emisora.univalle.edu.co\/index.php\/wp-json\/wp\/v2\/posts\/5834\/revisions\/5835"}],"wp:featuredmedia":[{"embeddable":true,"href":"https:\/\/emisora.univalle.edu.co\/index.php\/wp-json\/wp\/v2\/media\/5828"}],"wp:attachment":[{"href":"https:\/\/emisora.univalle.edu.co\/index.php\/wp-json\/wp\/v2\/media?parent=5834"}],"wp:term":[{"taxonomy":"category","embeddable":true,"href":"https:\/\/emisora.univalle.edu.co\/index.php\/wp-json\/wp\/v2\/categories?post=5834"},{"taxonomy":"post_tag","embeddable":true,"href":"https:\/\/emisora.univalle.edu.co\/index.php\/wp-json\/wp\/v2\/tags?post=5834"}],"curies":[{"name":"wp","href":"https:\/\/api.w.org\/{rel}","templated":true}]}}