{"id":5838,"date":"2015-07-31T14:51:45","date_gmt":"2015-07-31T19:51:45","guid":{"rendered":"https:\/\/emisora.univalle.edu.co\/\/?p=5838"},"modified":"2015-07-31T14:51:45","modified_gmt":"2015-07-31T19:51:45","slug":"emcali-se-compromete-con-la-buitrera-para-evitar-emergencia-por-cortes-de-agua","status":"publish","type":"post","link":"https:\/\/emisora.univalle.edu.co\/index.php\/emcali-se-compromete-con-la-buitrera-para-evitar-emergencia-por-cortes-de-agua\/","title":{"rendered":"Emcali se compromete con La Buitrera, para evitar emergencia por cortes de agua"},"content":{"rendered":"<p><span style=\"line-height: 1.5em;\">La empresa de servicios p\u00fablicos de Cali, Emcali, en aras de garantizar la presencia del agua en toda la ciudad, asumi\u00f3 compromisos con los habitantes de la Vereda La Trinidad del corregimiento La Buitrera y dos sectores circunvecinos, que desde hace cerca de un mes no cuentan con el servicio esencial de acueducto.<\/span><\/p>\n<p>Esto con el fin de evitar una emergencia sanitaria para los cerca de 1200 habitantes de este sector de la ciudad. Los residentes, conscientes del bajo caudal del r\u00edo Mel\u00e9ndez tambi\u00e9n adquirieron compromisos para que la situaci\u00f3n no se repita.<\/p>\n<p>El Gerente de Acueducto y Alcantarillado, Juli\u00e1n Lora Borrero, se reuni\u00f3 con los representantes de la comunidad y los integrantes de la Junta de Acci\u00f3n Comunal de la Trinidad y acordaron darle soluci\u00f3n a esta delicada situaci\u00f3n de la siguiente manera:<\/p>\n<p>1.\u00a0\u00a0\u00a0 Hacer maniobras t\u00e9cnicas para que el agua les llegue d\u00eda de por medio en las horas de la noche (11:00 p.m. a 3:00 a.m.).<\/p>\n<p>2.\u00a0\u00a0\u00a0 Dise\u00f1ar la obra de T-partida en el transcurso de la pr\u00f3xima semana<\/p>\n<p>3.\u00a0\u00a0\u00a0 Realizar la obra denominada T-partida que viabilice la soluci\u00f3n parcial o total dada la \u00e9poca de estiaje que vive el rio Mel\u00e9ndez<\/p>\n<p>4.\u00a0\u00a0\u00a0 Proceder a facturar el servicio de manera directa a cada cliente, previa firma del contrato de condiciones especiales.<\/p>\n<p>De esta manera el clamor de los habitantes cuenta con el compromiso de Emcali, d\u00e1ndole soluci\u00f3n a la zona donde vive\u00a0 m\u00e1s de\u00a0 un centenar de menores de edad.<\/p>\n<p>Los representantes de la comunidad quedaron satisfechos con dicho compromiso y expresaron su deseo que dichos proyectos se puedan llevar a feliz t\u00e9rmino lo m\u00e1s pronto posible, para que no se repita el desabastecimiento que hoy los aqueja.<\/p>\n<p>Para Emcali, es necesario que se haga un uso racional del agua dado que la temporada de verano se puede extender por la presencia del fen\u00f3meno del Ni\u00f1o, lo cual ser\u00eda un agravante a la situaci\u00f3n actual.<\/p>\n<p>Fuente: Comunicaciones Emcali<\/p>\n","protected":false},"excerpt":{"rendered":"<p>La empresa de servicios p\u00fablicos de Cali, Emcali, en aras de garantizar la presencia del agua en toda la ciudad, asumi\u00f3 compromisos con los habitantes de la Vereda La Trinidad del corregimiento La Buitrera y dos sectores circunvecinos, que desde hace cerca de un mes no cuentan con el servicio[&#8230;]<\/p>\n","protected":false},"author":1,"featured_media":5827,"comment_status":"open","ping_status":"open","sticky":false,"template":"","format":"standard","meta":{"footnotes":""},"categories":[4],"tags":[],"_links":{"self":[{"href":"https:\/\/emisora.univalle.edu.co\/index.php\/wp-json\/wp\/v2\/posts\/5838"}],"collection":[{"href":"https:\/\/emisora.univalle.edu.co\/index.php\/wp-json\/wp\/v2\/posts"}],"about":[{"href":"https:\/\/emisora.univalle.edu.co\/index.php\/wp-json\/wp\/v2\/types\/post"}],"author":[{"embeddable":true,"href":"https:\/\/emisora.univalle.edu.co\/index.php\/wp-json\/wp\/v2\/users\/1"}],"replies":[{"embeddable":true,"href":"https:\/\/emisora.univalle.edu.co\/index.php\/wp-json\/wp\/v2\/comments?post=5838"}],"version-history":[{"count":1,"href":"https:\/\/emisora.univalle.edu.co\/index.php\/wp-json\/wp\/v2\/posts\/5838\/revisions"}],"predecessor-version":[{"id":5839,"href":"https:\/\/emisora.univalle.edu.co\/index.php\/wp-json\/wp\/v2\/posts\/5838\/revisions\/5839"}],"wp:featuredmedia":[{"embeddable":true,"href":"https:\/\/emisora.univalle.edu.co\/index.php\/wp-json\/wp\/v2\/media\/5827"}],"wp:attachment":[{"href":"https:\/\/emisora.univalle.edu.co\/index.php\/wp-json\/wp\/v2\/media?parent=5838"}],"wp:term":[{"taxonomy":"category","embeddable":true,"href":"https:\/\/emisora.univalle.edu.co\/index.php\/wp-json\/wp\/v2\/categories?post=5838"},{"taxonomy":"post_tag","embeddable":true,"href":"https:\/\/emisora.univalle.edu.co\/index.php\/wp-json\/wp\/v2\/tags?post=5838"}],"curies":[{"name":"wp","href":"https:\/\/api.w.org\/{rel}","templated":true}]}}