{"id":5842,"date":"2015-07-31T14:54:36","date_gmt":"2015-07-31T19:54:36","guid":{"rendered":"https:\/\/emisora.univalle.edu.co\/\/?p=5842"},"modified":"2015-07-31T14:54:36","modified_gmt":"2015-07-31T19:54:36","slug":"jefe-de-oficina-de-gestion-del-riesgo-de-desastres-hace-pronunciamiento-contra-el-terrorismo-ecologico","status":"publish","type":"post","link":"https:\/\/emisora.univalle.edu.co\/index.php\/jefe-de-oficina-de-gestion-del-riesgo-de-desastres-hace-pronunciamiento-contra-el-terrorismo-ecologico\/","title":{"rendered":"Jefe de Oficina de Gesti\u00f3n del Riesgo de Desastres hace pronunciamiento Contra el Terrorismo Ecol\u00f3gico"},"content":{"rendered":"<p><span style=\"line-height: 1.5em;\">Me dirijo ante los Medios de Comunicaci\u00f3n, en calidad de Jefe de Oficina Departamental de la Gesti\u00f3n del Riesgo de Desastres, y Coordinador Departamental de los Consejos Municipales de Gesti\u00f3n del Riesgo (ley 1523 de 2012, Articulo 13) como delegado del Gobernador, a fin de velar por la implementaci\u00f3n de los procesos de conocimiento y reducci\u00f3n del riesgo de desastres. As\u00ed mismo estamos a cargo de las competencias de coordinaci\u00f3n, concurrencia y subsidiariedad positiva respecto de los municipios del departamento. Y frente a esta ley usted es parte del Sistema Nacional de Gesti\u00f3n del Riesgo (Art 8 N\u00b0 1\u00b0 de la misma ley).<\/span><\/p>\n<p>Ante los riesgos de desastre que corre la naturaleza como se observ\u00f3 durante el mes de mayo y junio con el recrudecimiento de las confrontaciones armadas, recibimos con ilusi\u00f3n las reanudaciones de los di\u00e1logos en la Habana. La CVC y su director Dr. Rub\u00e9n Dar\u00edo Materon, expidi\u00f3 un comunicado a principios del mes de julio rechazando los ataques y da\u00f1os a\u00a0 los recursos Naturales, nos identificamos con ese pronunciamiento y oportunamente estuvimos participando de un acto \u2013 plant\u00f3n de repudio por los da\u00f1os causados a las aguas.<\/p>\n<p>Sacar a la naturaleza del conflicto, para evitar la continuidad de la destrucci\u00f3n de los recursos naturales. El protocolo II de Ginebra trata de evitar los da\u00f1os al medio ambiente normando que los combatientes deben abstenerse de atacar la naturaleza. El Derecho Internacional Humanitario en su desarrollo previ\u00f3 \u00e9sta situaci\u00f3n: los conflictos internos deben humanizarse porque adem\u00e1s de acabar con sectores de la poblaci\u00f3n civil, menoscaban el entorno, y por ende la calidad de vida.<\/p>\n<p>La violencia tiene dentro de sus clasificaciones una denominaci\u00f3n apropiada para entender el da\u00f1o causado: la violencia indirecta. Mario Stoppino, profesor italiano de la Universidad de Pav\u00eda, escribi\u00f3 que la violencia es indirecta cuando act\u00faa a trav\u00e9s de la alteraci\u00f3n del ambiente f\u00edsico en que la v\u00edctima se encuentra, o a trav\u00e9s de la destrucci\u00f3n, el da\u00f1o\u00a0 o la sustracci\u00f3n de recursos materiales. En ambos casos el resultado es el mismo: una modificaci\u00f3n da\u00f1osa del estado f\u00edsico del individuo o del grupo que es el blanco de la acci\u00f3n violenta.<\/p>\n<p>La violencia directa dirigida a persona o grupos atenta contra el derecho a la vida y la integridad f\u00edsica; produce un efecto inmediato, objetivo y contundente: muerte, masacres, o desplazamientos. La violencia indirecta produce da\u00f1os en el entorno, desolaci\u00f3n, impotabilidad del agua, erosi\u00f3n o infertilidad de los suelos: la fauna y la flora son menoscabadas.<\/p>\n<p>La calidad de vida disminuye al final, tambi\u00e9n genera desplazamientos. La voladura de un oleoducto aunque no produzca una sola v\u00edctima en el acto, con el paso de los d\u00edas el medio ambiente alterado impide la explotaci\u00f3n de la tierra, el riego se hace imposible, los cultivos se pierden, las aguas que van a los acueductos se contaminan y las enfermedades se propalan. Las v\u00edctimas portan efectos posteriores, teratog\u00e9nicos.<\/p>\n<p>Por ejemplo, durante los primeros seis meses de 1998 se registraron 36 actos de terrorismo ecol\u00f3gico contra oleoductos en Colombia, 126.000 barriles fueron derramados. Los costos de reparaci\u00f3n medioambiental y de reposici\u00f3n de tuber\u00edas en ese lapso ascendieron a 40.000 millones de pesos. Hasta esa fecha se estim\u00f3 que durante 12 a\u00f1os del conflicto colombiano con voladuras estas hab\u00edan afectado unas 6.000 hect\u00e1reas de terrenos cultivables, 2500 kil\u00f3metros de r\u00edos y 1.600 hect\u00e1reas de humedales. Sumando14 a\u00f1os de voladuras los derrames ascienden a un mill\u00f3n seiscientos mil barriles de petr\u00f3leo. La inversi\u00f3n en descontaminaci\u00f3n se eleva a 26 millones de d\u00f3lares, estas son cifras parciales. En junio de 2015 la voladura del oleoducto del Pacifico afecto el Rio Mira y dej\u00f3 sin servicio el acueducto de Tumaco.<\/p>\n<p>La guerrilla al protagonizar las voladuras de oleoductos ejecuta terrorismo ecol\u00f3gico, pues las reacciones y consecuencias afectan la cadena alimenticia, alterando la biodiversidad.\u00a0 Y los sucesivos gobiernos al continuar con los programas de fumigaci\u00f3n con glifosato o tebutiur\u00f3n, ejecutan terror ecol\u00f3gico. El terrorismo ecol\u00f3gico es un exceso de la violencia de grupos, y el terror ecol\u00f3gico un exceso de la fuerza p\u00fablica para luchar contra actores armados extralegales: ambos da\u00f1an la naturaleza. Por esta raz\u00f3n la etapa de desescalamiento hasta noviembre de 2015 es necesaria.<\/p>\n<p>Los cultivos il\u00edcitos no han desaparecido en Colombia, se vienen reproduciendo. La coca y la amapola est\u00e1n extendi\u00e9ndose, entre m\u00e1s fumigaci\u00f3n m\u00e1s ilicitud porque los cultivadores buscan otras \u00e1reas. Los bosques han perdido su estabilidad en muchos a\u00f1os de guerra qu\u00edmica. Cada cuatro a\u00f1os los cultivos il\u00edcitos crecen el 300%. La sustituci\u00f3n de cultivos es la soluci\u00f3n, previa concertaci\u00f3n con los sectores campesinos. Finalmente, si imponen el hongo fusarium para combatir la hoja de coca, el desastre ecol\u00f3gico continuar\u00eda.<\/p>\n<p>Desescalamiento del conflicto<\/p>\n<p>El nuevo anuncio de desescalamiento del conflicto colombiano, oficialmente comunicado por el Presidente Santos el domingo 12 de julio 2015, tiene otras caracter\u00edsticas al anuncio de noviembre 2014 que se inici\u00f3 en diciembre de ese a\u00f1o. Ahora las FARC expresan que ser\u00e1 por un mes y dependiendo de los ataques de la fuerza p\u00fablica, as\u00ed podr\u00e1n ir prolong\u00e1ndolo; el Gobierno le coloca un plazo a la terminaci\u00f3n de las negociaciones, cuatro meses, para agilizar la agenda en la Habana. Y anuncia que tomar\u00e1 medidas de desescalamiento pero que no dejar\u00e1 de ejercer la fuerza del Estado. La lectura inmediata que produce este cruce de expresiones es: Las dos partes quedaron chasqueadas con los ataques desde abril, el escalamiento, las hostilidades, los bombardeos, el terrorismo ambiental, el sabotaje, la afectaci\u00f3n a la\u00a0 poblaci\u00f3n civil, etc. Las dos partes\u00a0 se convencieron que no deber\u00edan seguir infringi\u00e9ndose golpes, que si bien es cierto ten\u00edan capacidad de ataque, tambi\u00e9n hab\u00eda respuesta, y que el proceso de paz se iba a desbaratar irremediablemente.<\/p>\n<p>Tambi\u00e9n qued\u00f3 claro que Gobierno y Guerrilla entraran en una etapa que con actos de desescalamiento en la pr\u00e1ctica se inicia un cese bilateral del fuego. Ninguno va a tolerar en demas\u00eda ataques desproporcionados.<\/p>\n<p>El 25 de noviembre del 2014 dentro de una conferencia que dict\u00e9 en la Cumbre por la Paz de la Universidad Libre, expuse sobre esta tem\u00e1tica que, se necesitaba confeccionar una tabla de elementos constitutivos del desescalamiento, entre ellos, los ceses unilaterales, el mismo cese bilateral, el desminado, la no conscripci\u00f3n de menores, la disminuci\u00f3n del lenguaje agresivo de funcionarios de resonancia, de los mismos organismos de control, lenguaje agresivo que mueve los \u00e1nimos en contrario y cambia la tesitura de los que est\u00e1n en la mesa de conversaciones, porque los alteran con ataques personales y descalificaciones, y entre otros aspectos el comportamiento de los mismos medios de comunicaci\u00f3n con enfoques errados o volviendo un espect\u00e1culo lo que est\u00e1 sucediendo.<\/p>\n<p>Y la forma de asegurarse el funcionamiento de 4 meses acerc\u00e1ndose m\u00e1s en la mesa y otros escenarios hasta el 20 de noviembre, es con la intervenci\u00f3n internacional de la ONU y de UNASUR. Los dos organismos internacionales enviaran delegados a la subcomisi\u00f3n que opera como parte de la mesa de negociaci\u00f3n. Un delegado del Secretario General de la ONU y un delegado de la presidencia de UNASUR, el uruguayo, Jos\u00e9 Bayardi. La Uni\u00f3n Europea (UE) despu\u00e9s del viaje del residente Santos en junio 2015, tambi\u00e9n aprob\u00f3 la presencia de un enviado especial; EEUU tiene al Sr Aronson y Alemania a Tom Koenigs. Podr\u00eda hablarse de otra vuelta de tuerca a la internacionalizaci\u00f3n del conflicto colombiano o de la atenci\u00f3n\u00a0 que los organismos multilaterales le prestan a esta negociaci\u00f3n en la fase final irreversible, para evitar la fase ag\u00f3nica en la que hab\u00eda ca\u00eddo por el recrudecimiento de las confrontaciones.<\/p>\n<p>En todo caso vamos a observar una etapa novedosa dentro del conflicto nacional con veedur\u00eda internacional, monitoreos y comprobaciones; sin estar normadas en el derecho internacional las formas de desescalamiento, ni siendo obligatorio. Todo se har\u00e1 de manera consensuada para ganar confianza y volver a reanudar los puntos de los acuerdos. Una forma pr\u00e1ctica es poner a funcionar las reglas del derecho de gentes y del derecho de guerra, ambos constituyen el DIH, pues cumplirlo les facilitar\u00eda el men\u00fa del desescalamiento y humanizar\u00eda la confrontaci\u00f3n porque ni la regla m\u00e1s elemental la cumple: los enfrenamientos deben ser solo entre combatientes. Est\u00e1n afectando a la poblaci\u00f3n civil: con los bombardeos estatales, de un lado; y con el terrorismo indiscriminado y ecol\u00f3gico, del otro lado.<\/p>\n<p>La prueba de que el cese al fuego sirvi\u00f3 fueron los casi 5 meses iniciales del a\u00f1o 2015, disminuyeron los ataques y los da\u00f1os en un 85%, y la ciudadan\u00eda hab\u00eda vuelto a creer. Al romperse el desescalamiento por los hechos sangrientos de Buenos Aires (Cauca), y la respuesta con bombardeos aplicados a un campamento en Guap\u00ed, m\u00e1s otros bombardeos, con la consiguiente racha de ataques a punta de terrorismo indiscriminado, sabotajes y terrorismo ecol\u00f3gico, se alter\u00f3 la confianza nacional.<\/p>\n<p>Fuente: Comunicaciones Gobernaci\u00f3n<\/p>\n","protected":false},"excerpt":{"rendered":"<p>Me dirijo ante los Medios de Comunicaci\u00f3n, en calidad de Jefe de Oficina Departamental de la Gesti\u00f3n del Riesgo de Desastres, y Coordinador Departamental de los Consejos Municipales de Gesti\u00f3n del Riesgo (ley 1523 de 2012, Articulo 13) como delegado del Gobernador, a fin de velar por la implementaci\u00f3n de[&#8230;]<\/p>\n","protected":false},"author":1,"featured_media":5833,"comment_status":"open","ping_status":"open","sticky":false,"template":"","format":"standard","meta":{"footnotes":""},"categories":[4],"tags":[],"_links":{"self":[{"href":"https:\/\/emisora.univalle.edu.co\/index.php\/wp-json\/wp\/v2\/posts\/5842"}],"collection":[{"href":"https:\/\/emisora.univalle.edu.co\/index.php\/wp-json\/wp\/v2\/posts"}],"about":[{"href":"https:\/\/emisora.univalle.edu.co\/index.php\/wp-json\/wp\/v2\/types\/post"}],"author":[{"embeddable":true,"href":"https:\/\/emisora.univalle.edu.co\/index.php\/wp-json\/wp\/v2\/users\/1"}],"replies":[{"embeddable":true,"href":"https:\/\/emisora.univalle.edu.co\/index.php\/wp-json\/wp\/v2\/comments?post=5842"}],"version-history":[{"count":1,"href":"https:\/\/emisora.univalle.edu.co\/index.php\/wp-json\/wp\/v2\/posts\/5842\/revisions"}],"predecessor-version":[{"id":5843,"href":"https:\/\/emisora.univalle.edu.co\/index.php\/wp-json\/wp\/v2\/posts\/5842\/revisions\/5843"}],"wp:featuredmedia":[{"embeddable":true,"href":"https:\/\/emisora.univalle.edu.co\/index.php\/wp-json\/wp\/v2\/media\/5833"}],"wp:attachment":[{"href":"https:\/\/emisora.univalle.edu.co\/index.php\/wp-json\/wp\/v2\/media?parent=5842"}],"wp:term":[{"taxonomy":"category","embeddable":true,"href":"https:\/\/emisora.univalle.edu.co\/index.php\/wp-json\/wp\/v2\/categories?post=5842"},{"taxonomy":"post_tag","embeddable":true,"href":"https:\/\/emisora.univalle.edu.co\/index.php\/wp-json\/wp\/v2\/tags?post=5842"}],"curies":[{"name":"wp","href":"https:\/\/api.w.org\/{rel}","templated":true}]}}