{"id":5844,"date":"2015-07-31T14:55:45","date_gmt":"2015-07-31T19:55:45","guid":{"rendered":"https:\/\/emisora.univalle.edu.co\/\/?p=5844"},"modified":"2015-07-31T14:55:45","modified_gmt":"2015-07-31T19:55:45","slug":"abierta-convocatoria-en-buenaventura-para-puerto-creativo-laboratorio-de-creacion-y-emprendimiento-audiovisual","status":"publish","type":"post","link":"https:\/\/emisora.univalle.edu.co\/index.php\/abierta-convocatoria-en-buenaventura-para-puerto-creativo-laboratorio-de-creacion-y-emprendimiento-audiovisual\/","title":{"rendered":"Abierta convocatoria en Buenaventura para \u201cPuerto Creativo\u201d laboratorio de creaci\u00f3n y emprendimiento audiovisual"},"content":{"rendered":"<p><span style=\"line-height: 1.5em;\">Hasta el 18 de agosto estar\u00e1 abierta la convocatoria para ser parte de este proyecto, que dar\u00e1 como resultado una serie web documental transmedia donde se contar\u00e1n historias de procesos y proyectos de impacto social y cultural<\/span><\/p>\n<p>\u201cPuerto Creativo, la propia cinta\u201d ser\u00e1 un laboratorio de creaci\u00f3n audiovisual para emprendedores cuyo resultado pretende la conformaci\u00f3n de una red de trabajo local con la capacidad de generar contenidos digitales de calidad y estrategias de comercializaci\u00f3n que permitan fortalecer sus procesos de emprendimiento y proyectos de vida. El proyecto lo desarrolla el Ministerio de Cultura y la Fundaci\u00f3n M\u00e1s Arte M\u00e1s Acci\u00f3n, con el apoyo de Escuela Taller Buenaventura y el Proyecto LASO.<\/p>\n<p>La convocatoria que cierra el pr\u00f3ximo 18 de agosto, est\u00e1 en la b\u00fasqueda de personas interesadas en la realizaci\u00f3n audiovisual, dise\u00f1o gr\u00e1fico y web, espec\u00edficamente en las \u00e1reas de c\u00e1mara y direcci\u00f3n para audiovisuales, sonido para audiovisuales, montaje, desarrollo de contenidos web, producci\u00f3n ejecutiva y gesti\u00f3n cultural, las cuales al momento de la convocatoria cuenten con m\u00ednimo tres a\u00f1os de residencia en la ciudad de Buenaventura.<\/p>\n<p>El laboratorio se realizar\u00e1 en compa\u00f1\u00eda de 5 tutores-expertos en diferentes ramas de las industrias creativas para orientar y recrear las condiciones que caracterizan un proceso de creaci\u00f3n y distribuci\u00f3n de productos culturales de alta calidad que respondan a las necesidades actuales de la industria y el mercado cultural.<\/p>\n<p>La selecci\u00f3n de los becarios se har\u00e1 mediante un proceso de convocatoria abierta, en el cu\u00e1l ser\u00e1n seleccionados inicialmente 40 perfiles. Previo al laboratorio se realizar\u00e1 un proceso de mediaci\u00f3n o formativo, denominado pre lab, que se realizar\u00e1 entre los d\u00edas 3, 4 y 5 de septiembre, en Buenaventura; durante el pre lab los participantes expondr\u00e1n sus propuestas para la serie documental web transmedia en un pitch y ser\u00e1 el jurado, conformado por los tutores-expertos, quien se encargue de elegir las 16 personas de Buenaventura ganadoras de las becas al laboratorio. Posteriormente se realizar\u00e1 el laboratorio del 17 al 26 de septiembre en la misma ciudad.<\/p>\n<p>Fuente: Comunicaciones MinCultura.<\/p>\n","protected":false},"excerpt":{"rendered":"<p>Hasta el 18 de agosto estar\u00e1 abierta la convocatoria para ser parte de este proyecto, que dar\u00e1 como resultado una serie web documental transmedia donde se contar\u00e1n historias de procesos y proyectos de impacto social y cultural \u201cPuerto Creativo, la propia cinta\u201d ser\u00e1 un laboratorio de creaci\u00f3n audiovisual para emprendedores[&#8230;]<\/p>\n","protected":false},"author":1,"featured_media":5823,"comment_status":"open","ping_status":"open","sticky":false,"template":"","format":"standard","meta":{"footnotes":""},"categories":[4],"tags":[],"_links":{"self":[{"href":"https:\/\/emisora.univalle.edu.co\/index.php\/wp-json\/wp\/v2\/posts\/5844"}],"collection":[{"href":"https:\/\/emisora.univalle.edu.co\/index.php\/wp-json\/wp\/v2\/posts"}],"about":[{"href":"https:\/\/emisora.univalle.edu.co\/index.php\/wp-json\/wp\/v2\/types\/post"}],"author":[{"embeddable":true,"href":"https:\/\/emisora.univalle.edu.co\/index.php\/wp-json\/wp\/v2\/users\/1"}],"replies":[{"embeddable":true,"href":"https:\/\/emisora.univalle.edu.co\/index.php\/wp-json\/wp\/v2\/comments?post=5844"}],"version-history":[{"count":1,"href":"https:\/\/emisora.univalle.edu.co\/index.php\/wp-json\/wp\/v2\/posts\/5844\/revisions"}],"predecessor-version":[{"id":5845,"href":"https:\/\/emisora.univalle.edu.co\/index.php\/wp-json\/wp\/v2\/posts\/5844\/revisions\/5845"}],"wp:featuredmedia":[{"embeddable":true,"href":"https:\/\/emisora.univalle.edu.co\/index.php\/wp-json\/wp\/v2\/media\/5823"}],"wp:attachment":[{"href":"https:\/\/emisora.univalle.edu.co\/index.php\/wp-json\/wp\/v2\/media?parent=5844"}],"wp:term":[{"taxonomy":"category","embeddable":true,"href":"https:\/\/emisora.univalle.edu.co\/index.php\/wp-json\/wp\/v2\/categories?post=5844"},{"taxonomy":"post_tag","embeddable":true,"href":"https:\/\/emisora.univalle.edu.co\/index.php\/wp-json\/wp\/v2\/tags?post=5844"}],"curies":[{"name":"wp","href":"https:\/\/api.w.org\/{rel}","templated":true}]}}