{"id":5846,"date":"2015-07-31T15:03:28","date_gmt":"2015-07-31T20:03:28","guid":{"rendered":"https:\/\/emisora.univalle.edu.co\/\/?p=5846"},"modified":"2015-07-31T15:03:28","modified_gmt":"2015-07-31T20:03:28","slug":"se-reunio-la-comision-de-alertas-tempranas-en-la-gobernacion-del-valle","status":"publish","type":"post","link":"https:\/\/emisora.univalle.edu.co\/index.php\/se-reunio-la-comision-de-alertas-tempranas-en-la-gobernacion-del-valle\/","title":{"rendered":"Se reuni\u00f3 la Comisi\u00f3n de Alertas tempranas en la Gobernaci\u00f3n del Valle"},"content":{"rendered":"<p><span style=\"line-height: 1.5em;\">En el marco de una reuni\u00f3n de la\u00a0 Comisi\u00f3n Intersectorial de Alertas Tempranas de la Gobernaci\u00f3n del Valle con representantes del Ministerio de Interior y la Alcald\u00eda de La Uni\u00f3n, las autoridades departamentales analizaron la situaci\u00f3n del orden p\u00fablico y de seguridad que existe actualmente en dicha municipalidad.<\/span><\/p>\n<p>Esta alerta temprana en La Uni\u00f3n se estableci\u00f3 en el a\u00f1o 2014 al conocerse la existencia de enfrentamientos entre grupos al margen de la Ley que afectaban a la poblaci\u00f3n, hoy ya no existe esta amenaza y se ha dado la apertura econ\u00f3mica en el municipio, se ha generado empleo y ha mejorado la calidad\u00a0 de vida, de igual manera se ha hecho un trabajo de prevenci\u00f3n donde est\u00e1 muy involucrada la comunidad.<\/p>\n<p>La subsecretaria de Gobierno del Valle, Rosmery Cabal Franco indic\u00f3 que por ley todas las instituciones debemos trabajar por el bien com\u00fan de ese municipio; \u201cdesde el punto de vista nuestro el aporte ha sido educativo permitiendo que en las instituciones educativas se eduque a los ni\u00f1os y cuenten con alimentaci\u00f3n adecuada; de igual manera se\u00a0 ha bridando capacitaci\u00f3n a padres de familia sobre temas de agricultura\u201d, expres\u00f3 la titular.<\/p>\n<p>El Sistema de Alertas Tempranas-SAT es un mecanismo implementado con la Defensor\u00eda del Pueblo que ha puesto al servicio de las comunidades y de las instituciones del pa\u00eds un programa de monitoreo y advertencia sobre las situaciones de riesgo de la poblaci\u00f3n civil por los efectos del conflicto armado.<\/p>\n<p>Durante la reuni\u00f3n se acogieron las recomendaciones emitidas por el Ministro del Interior, para que prevalezca la tranquilidad y evitar cualquier brote de\u00a0 inseguridad en el Municipio de La Uni\u00f3n.<\/p>\n<p>Fuente: Comunicaciones Gobernaci\u00f3n<\/p>\n","protected":false},"excerpt":{"rendered":"<p>En el marco de una reuni\u00f3n de la\u00a0 Comisi\u00f3n Intersectorial de Alertas Tempranas de la Gobernaci\u00f3n del Valle con representantes del Ministerio de Interior y la Alcald\u00eda de La Uni\u00f3n, las autoridades departamentales analizaron la situaci\u00f3n del orden p\u00fablico y de seguridad que existe actualmente en dicha municipalidad. Esta alerta[&#8230;]<\/p>\n","protected":false},"author":1,"featured_media":5825,"comment_status":"open","ping_status":"open","sticky":false,"template":"","format":"standard","meta":{"footnotes":""},"categories":[4],"tags":[],"_links":{"self":[{"href":"https:\/\/emisora.univalle.edu.co\/index.php\/wp-json\/wp\/v2\/posts\/5846"}],"collection":[{"href":"https:\/\/emisora.univalle.edu.co\/index.php\/wp-json\/wp\/v2\/posts"}],"about":[{"href":"https:\/\/emisora.univalle.edu.co\/index.php\/wp-json\/wp\/v2\/types\/post"}],"author":[{"embeddable":true,"href":"https:\/\/emisora.univalle.edu.co\/index.php\/wp-json\/wp\/v2\/users\/1"}],"replies":[{"embeddable":true,"href":"https:\/\/emisora.univalle.edu.co\/index.php\/wp-json\/wp\/v2\/comments?post=5846"}],"version-history":[{"count":1,"href":"https:\/\/emisora.univalle.edu.co\/index.php\/wp-json\/wp\/v2\/posts\/5846\/revisions"}],"predecessor-version":[{"id":5847,"href":"https:\/\/emisora.univalle.edu.co\/index.php\/wp-json\/wp\/v2\/posts\/5846\/revisions\/5847"}],"wp:featuredmedia":[{"embeddable":true,"href":"https:\/\/emisora.univalle.edu.co\/index.php\/wp-json\/wp\/v2\/media\/5825"}],"wp:attachment":[{"href":"https:\/\/emisora.univalle.edu.co\/index.php\/wp-json\/wp\/v2\/media?parent=5846"}],"wp:term":[{"taxonomy":"category","embeddable":true,"href":"https:\/\/emisora.univalle.edu.co\/index.php\/wp-json\/wp\/v2\/categories?post=5846"},{"taxonomy":"post_tag","embeddable":true,"href":"https:\/\/emisora.univalle.edu.co\/index.php\/wp-json\/wp\/v2\/tags?post=5846"}],"curies":[{"name":"wp","href":"https:\/\/api.w.org\/{rel}","templated":true}]}}