{"id":5848,"date":"2015-07-31T15:04:45","date_gmt":"2015-07-31T20:04:45","guid":{"rendered":"https:\/\/emisora.univalle.edu.co\/\/?p=5848"},"modified":"2015-07-31T15:04:45","modified_gmt":"2015-07-31T20:04:45","slug":"cali-tendra-este-diciembre-el-parque-mas-grande-de-la-ciudad","status":"publish","type":"post","link":"https:\/\/emisora.univalle.edu.co\/index.php\/cali-tendra-este-diciembre-el-parque-mas-grande-de-la-ciudad\/","title":{"rendered":"Cali tendr\u00e1 este diciembre el parque m\u00e1s grande de la ciudad"},"content":{"rendered":"<p><span style=\"line-height: 1.5em;\">A partir de este 30 de julio se dio inicio oficialmente a la construcci\u00f3n del Parque Lineal R\u00edo Cali, que prev\u00e9 que para finales de diciembre los cale\u00f1os puedan disfrutar de este parque, el cual ser\u00e1 el primero y m\u00e1s grande de la ciudad.<\/span><\/p>\n<p>As\u00ed lo confirm\u00f3 el secretario de Infraestructura y Valorizaci\u00f3n \u00d3mar Jes\u00fas Cantillo Perdomo, durante el acto en el que se sembr\u00f3 el primer \u00e1rbol guayac\u00e1n, representando el elemento central de lo que se construir\u00e1 en estos 183.000 m2 de lo que ser\u00e1 la obra paisaj\u00edstica m\u00e1s importante para la ciudad..<\/p>\n<p>Su construcci\u00f3n estar\u00e1 a cargo del consorcio Uni\u00f3n Temporal Alfa Cali, quienes cumplieron con todos los requisitos tanto t\u00e9cnicos como financieros que los pliegos definitivos exig\u00edan para la construcci\u00f3n de este parque.<\/p>\n<p>Este proyecto tiene un costo de $19.443.684.440, beneficiando a las comunas 2 y 3 directamente y a todos los cale\u00f1os, indirectamente.<\/p>\n<p>Durante esta intervenci\u00f3n se estar\u00e1 generando m\u00e1s de 60 empleos directos y 300 indirectos.<\/p>\n<p>La etapa I estar\u00e1 ubicada sobre la avenida 2N, denominada el Paseo Norte, que viene desde la calle 25 hasta la calle 15, conformada por una ciclorruta en asfalto y paseo peatonal con trabajo de pisos en ladrillos de diferentes colores; tambi\u00e9n se van a tomar dos carriles vehiculares de esta avenida para incorporarlos al parque.<\/p>\n<p>El peat\u00f3n estar\u00e1 protegido del veh\u00edculo mediante jardines que acompa\u00f1an el paseo, confinados por materas y bancas en ladrillo. Sobre la carrera 3N se encuentra el Paseo Sur, con un sendero peatonal desde la 25 hasta la avenida de las Am\u00e9ricas.<\/p>\n<p>El Parque Lineal tiene un \u00e1rea para eventos p\u00fablicos, zonas de estar, conjuntos de piedras que ponderan el paseo.<\/p>\n<p>En los puentes existentes como el de la Avenida de las Am\u00e9ricas, el de la calle 21 y el de la 25, se modificar\u00e1n las barandas para que tambi\u00e9n tengan el mismo lenguaje de todo el proyecto. Al puente de la calle 21 se le har\u00e1n algunas reformas.<\/p>\n<p>Sobre el puente vehicular de la calle 15 se har\u00e1 una modificaci\u00f3n al viaducto, logrando dar protecci\u00f3n al peat\u00f3n con un paso peatonal por la parte inferior que conduce desde las estaciones del MIO, en la calle 15 hasta el Jard\u00edn Jorge Isaacs y al CAM, que tambi\u00e9n comunica con el barrio Granada.<\/p>\n<p>En esta zona habr\u00e1 un \u00e1rea de servicios con ba\u00f1os y espacio para guardar elementos de jardiner\u00eda y herramientas para el mantenimiento del parque.<\/p>\n<p>Todos los remates de las esquinas, los andenes, las rampas para personas con movilidad reducida (PMR) y todo el espacio p\u00fablico est\u00e1n dise\u00f1ados y cumplen con la norma del Manual de Dise\u00f1o y Construcci\u00f3n de los Elementos Constitutivos del Espacio P\u00fablico (Mecep), normas establecidas por el Departamento Administrativo de Planeaci\u00f3n Municipal.<\/p>\n<p>El parque es un ambicioso plan de mejora de infraestructura, con un doble objetivo de mejorar la movilidad, que evitar\u00e1 el paso r\u00e1pido de veh\u00edculos por el centro, lo que contribuir\u00e1 a recuperar espacios para los peatones y a revitalizar la zona c\u00e9ntrica de la ciudad.<\/p>\n<p>Con la obra tambi\u00e9n se pretende hacer posible la mayor operaci\u00f3n de reequilibrio ecol\u00f3gico en la historia reciente de la ciudad, a trav\u00e9s del proyecto Parque R\u00edo Cali, que convertir\u00e1 muchos m2 de superficie en un gran espacio p\u00fablico, con bosques, zonas verdes, jardines hist\u00f3ricos y \u00e1reas urbanas que estaban dispersas e inconexas.<\/p>\n<p>Un punto de Atenci\u00f3n al Ciudadano (PAC) estar\u00e1 ubicado en la calle 22 Norte #2N36, para cualquier duda que pueda tener el ciudadano.<\/p>\n<p>Fuente: Comunicaciones Alcald\u00eda<\/p>\n","protected":false},"excerpt":{"rendered":"<p>A partir de este 30 de julio se dio inicio oficialmente a la construcci\u00f3n del Parque Lineal R\u00edo Cali, que prev\u00e9 que para finales de diciembre los cale\u00f1os puedan disfrutar de este parque, el cual ser\u00e1 el primero y m\u00e1s grande de la ciudad. As\u00ed lo confirm\u00f3 el secretario de[&#8230;]<\/p>\n","protected":false},"author":1,"featured_media":5830,"comment_status":"open","ping_status":"open","sticky":false,"template":"","format":"standard","meta":{"footnotes":""},"categories":[4],"tags":[],"_links":{"self":[{"href":"https:\/\/emisora.univalle.edu.co\/index.php\/wp-json\/wp\/v2\/posts\/5848"}],"collection":[{"href":"https:\/\/emisora.univalle.edu.co\/index.php\/wp-json\/wp\/v2\/posts"}],"about":[{"href":"https:\/\/emisora.univalle.edu.co\/index.php\/wp-json\/wp\/v2\/types\/post"}],"author":[{"embeddable":true,"href":"https:\/\/emisora.univalle.edu.co\/index.php\/wp-json\/wp\/v2\/users\/1"}],"replies":[{"embeddable":true,"href":"https:\/\/emisora.univalle.edu.co\/index.php\/wp-json\/wp\/v2\/comments?post=5848"}],"version-history":[{"count":1,"href":"https:\/\/emisora.univalle.edu.co\/index.php\/wp-json\/wp\/v2\/posts\/5848\/revisions"}],"predecessor-version":[{"id":5849,"href":"https:\/\/emisora.univalle.edu.co\/index.php\/wp-json\/wp\/v2\/posts\/5848\/revisions\/5849"}],"wp:featuredmedia":[{"embeddable":true,"href":"https:\/\/emisora.univalle.edu.co\/index.php\/wp-json\/wp\/v2\/media\/5830"}],"wp:attachment":[{"href":"https:\/\/emisora.univalle.edu.co\/index.php\/wp-json\/wp\/v2\/media?parent=5848"}],"wp:term":[{"taxonomy":"category","embeddable":true,"href":"https:\/\/emisora.univalle.edu.co\/index.php\/wp-json\/wp\/v2\/categories?post=5848"},{"taxonomy":"post_tag","embeddable":true,"href":"https:\/\/emisora.univalle.edu.co\/index.php\/wp-json\/wp\/v2\/tags?post=5848"}],"curies":[{"name":"wp","href":"https:\/\/api.w.org\/{rel}","templated":true}]}}