{"id":5852,"date":"2015-07-31T15:07:00","date_gmt":"2015-07-31T20:07:00","guid":{"rendered":"https:\/\/emisora.univalle.edu.co\/\/?p=5852"},"modified":"2015-07-31T15:07:00","modified_gmt":"2015-07-31T20:07:00","slug":"podemos-bajar-la-guardia-en-buenaventura-gobernador-del-valle-del-cauca","status":"publish","type":"post","link":"https:\/\/emisora.univalle.edu.co\/index.php\/podemos-bajar-la-guardia-en-buenaventura-gobernador-del-valle-del-cauca\/","title":{"rendered":"\u201cNo podemos bajar la guardia en Buenaventura\u201d: Gobernador del Valle del Cauca"},"content":{"rendered":"<p><span style=\"line-height: 1.5em;\">El mandatario departamental Ubeimar Delgado Bland\u00f3n, reiter\u00f3 su agradecimiento a la Polic\u00eda Nacional y en especial a la seccional Valle por su ardua labor para combatir la delincuencia en el Puerto de Buenaventura, no obstante recalc\u00f3 en \u201cno bajar la guardia\u201d debido a las frecuentes manifestaciones violentas que se vienen presentando en esta localidad.<\/span><\/p>\n<p>\u201cSi bien es cierto de que el Coronel Fernando Murillo siempre ha tenido puesta la camiseta del Valle del Cauca, hoy invito a toda la Polic\u00eda Nacional a no bajar la guardia, porque en este momento el Puerto de Buenaventura necesita la colaboraci\u00f3n de la ley, de la fuerza. Con respecto a las bandas criminales, sabemos que se desarticulan hoy y ma\u00f1ana aparecen una nueva con diferente nombre, por eso la labor de la Polic\u00eda y las dem\u00e1s fuerzas tiene que ser constante, para que la seguridad de los bonaerenses sea la esperada\u201d, manifest\u00f3 el Gobernador Ubeimar Delgado.<\/p>\n<p>Desde la administraci\u00f3n departamental, se trabaja en procura del desarrollo regional pero sobretodo en la seguridad de los vallecaucanos, es por esto que permanentemente los directivos des fuerzas militares regionales se re\u00fanen con el Gobernador y su gabinete para tomar las medidas necesarias en cuanto a la seguridad concierne.<\/p>\n<p>Fuente: comunicaciones Alcald\u00eda<\/p>\n","protected":false},"excerpt":{"rendered":"<p>El mandatario departamental Ubeimar Delgado Bland\u00f3n, reiter\u00f3 su agradecimiento a la Polic\u00eda Nacional y en especial a la seccional Valle por su ardua labor para combatir la delincuencia en el Puerto de Buenaventura, no obstante recalc\u00f3 en \u201cno bajar la guardia\u201d debido a las frecuentes manifestaciones violentas que se vienen[&#8230;]<\/p>\n","protected":false},"author":1,"featured_media":5826,"comment_status":"open","ping_status":"open","sticky":false,"template":"","format":"standard","meta":{"footnotes":""},"categories":[4],"tags":[],"_links":{"self":[{"href":"https:\/\/emisora.univalle.edu.co\/index.php\/wp-json\/wp\/v2\/posts\/5852"}],"collection":[{"href":"https:\/\/emisora.univalle.edu.co\/index.php\/wp-json\/wp\/v2\/posts"}],"about":[{"href":"https:\/\/emisora.univalle.edu.co\/index.php\/wp-json\/wp\/v2\/types\/post"}],"author":[{"embeddable":true,"href":"https:\/\/emisora.univalle.edu.co\/index.php\/wp-json\/wp\/v2\/users\/1"}],"replies":[{"embeddable":true,"href":"https:\/\/emisora.univalle.edu.co\/index.php\/wp-json\/wp\/v2\/comments?post=5852"}],"version-history":[{"count":1,"href":"https:\/\/emisora.univalle.edu.co\/index.php\/wp-json\/wp\/v2\/posts\/5852\/revisions"}],"predecessor-version":[{"id":5853,"href":"https:\/\/emisora.univalle.edu.co\/index.php\/wp-json\/wp\/v2\/posts\/5852\/revisions\/5853"}],"wp:featuredmedia":[{"embeddable":true,"href":"https:\/\/emisora.univalle.edu.co\/index.php\/wp-json\/wp\/v2\/media\/5826"}],"wp:attachment":[{"href":"https:\/\/emisora.univalle.edu.co\/index.php\/wp-json\/wp\/v2\/media?parent=5852"}],"wp:term":[{"taxonomy":"category","embeddable":true,"href":"https:\/\/emisora.univalle.edu.co\/index.php\/wp-json\/wp\/v2\/categories?post=5852"},{"taxonomy":"post_tag","embeddable":true,"href":"https:\/\/emisora.univalle.edu.co\/index.php\/wp-json\/wp\/v2\/tags?post=5852"}],"curies":[{"name":"wp","href":"https:\/\/api.w.org\/{rel}","templated":true}]}}