{"id":5861,"date":"2015-07-31T15:35:48","date_gmt":"2015-07-31T20:35:48","guid":{"rendered":"https:\/\/emisora.univalle.edu.co\/\/?p=5861"},"modified":"2015-07-31T15:35:48","modified_gmt":"2015-07-31T20:35:48","slug":"desde-viernes-7-de-agosto-disminuye-restriccion-vehicular-en-la-via-buga-buenaventura","status":"publish","type":"post","link":"https:\/\/emisora.univalle.edu.co\/index.php\/desde-viernes-7-de-agosto-disminuye-restriccion-vehicular-en-la-via-buga-buenaventura\/","title":{"rendered":"Desde viernes 7 de agosto disminuye restricci\u00f3n vehicular en la v\u00eda Buga-Buenaventura"},"content":{"rendered":"<p><span style=\"line-height: 1.5em;\">Tras evidenciar el positivo avance de las obras en el tramo de Loboguerrero \u2013 Mediacanoa y realizar un estudio t\u00e9cnico para disminuir el impacto de los trabajos, el Gobierno Nacional anunci\u00f3 una reducci\u00f3n de cinco horas en la restricci\u00f3n vial para este tramo, al pasar de\u00a0 66 a 61 horas.<\/span><\/p>\n<p>Seg\u00fan la resoluci\u00f3n 5255, a partir del cinco de agosto los veh\u00edculos que transiten por esta v\u00eda tendr\u00e1n dos d\u00edas libres para movilizar la carga que salga o ingrese al Puerto de Buenaventura.<\/p>\n<p>\u201cInicialmente con los horarios que establecimos los veh\u00edculos de carga no ten\u00edan restricci\u00f3n para su movilizaci\u00f3n el d\u00eda s\u00e1bado y, con el ajuste, el viernes tampoco existir\u00eda esa medida. La decisi\u00f3n se tom\u00f3 para aumentar la competitividad de este importante corredor de comercio exterior y dinamizar el transporte\u201d, explic\u00f3 el Vicepresidente de la Rep\u00fablica, Germ\u00e1n Vargas Lleras, quien reitero que los horarios de restricci\u00f3n pueden seguir disminuyendo, dependiendo del buen avance de los trabajos de explanaci\u00f3n de material s\u00f3lido como roca y escombros, necesarios para despejar el trazado por donde pasar\u00e1 la doble calzada entre los kil\u00f3metros 64 y 86 de la V\u00eda Buga-Buenaventura, en el tramo Loboguerrero \u2013Mediacanoa.<\/p>\n<p>La Ministra de Transporte, Natalia Abello, explic\u00f3 que su la decisi\u00f3n de aumentar el horario de circulaci\u00f3n, fue tomada \u201cdespu\u00e9s de la inspecci\u00f3n hecha a las obras en el sector Tableros, donde se evidenci\u00f3 el alto porcentaje de avance en los trabajos de remoci\u00f3n de roca y tierra, que tienen un 30% m\u00e1s de lo esperado\u00bb.<\/p>\n<p>Los nuevos horarios son:<\/p>\n<p>Domingos y lunes de 6 a.m. a 8 p.m.<\/p>\n<p>Martes de 7 a.m. a 7 p.m.<\/p>\n<p>Mi\u00e9rcoles y jueves de 10 a.m. a 8 p.m.<\/p>\n<p>Viernes y s\u00e1bados sin cierre<\/p>\n<p>Fuente: Comunicaciones MinTransporte<\/p>\n","protected":false},"excerpt":{"rendered":"<p>Tras evidenciar el positivo avance de las obras en el tramo de Loboguerrero \u2013 Mediacanoa y realizar un estudio t\u00e9cnico para disminuir el impacto de los trabajos, el Gobierno Nacional anunci\u00f3 una reducci\u00f3n de cinco horas en la restricci\u00f3n vial para este tramo, al pasar de\u00a0 66 a 61 horas.[&#8230;]<\/p>\n","protected":false},"author":1,"featured_media":5862,"comment_status":"open","ping_status":"open","sticky":false,"template":"","format":"standard","meta":{"footnotes":""},"categories":[4],"tags":[],"_links":{"self":[{"href":"https:\/\/emisora.univalle.edu.co\/index.php\/wp-json\/wp\/v2\/posts\/5861"}],"collection":[{"href":"https:\/\/emisora.univalle.edu.co\/index.php\/wp-json\/wp\/v2\/posts"}],"about":[{"href":"https:\/\/emisora.univalle.edu.co\/index.php\/wp-json\/wp\/v2\/types\/post"}],"author":[{"embeddable":true,"href":"https:\/\/emisora.univalle.edu.co\/index.php\/wp-json\/wp\/v2\/users\/1"}],"replies":[{"embeddable":true,"href":"https:\/\/emisora.univalle.edu.co\/index.php\/wp-json\/wp\/v2\/comments?post=5861"}],"version-history":[{"count":1,"href":"https:\/\/emisora.univalle.edu.co\/index.php\/wp-json\/wp\/v2\/posts\/5861\/revisions"}],"predecessor-version":[{"id":5863,"href":"https:\/\/emisora.univalle.edu.co\/index.php\/wp-json\/wp\/v2\/posts\/5861\/revisions\/5863"}],"wp:featuredmedia":[{"embeddable":true,"href":"https:\/\/emisora.univalle.edu.co\/index.php\/wp-json\/wp\/v2\/media\/5862"}],"wp:attachment":[{"href":"https:\/\/emisora.univalle.edu.co\/index.php\/wp-json\/wp\/v2\/media?parent=5861"}],"wp:term":[{"taxonomy":"category","embeddable":true,"href":"https:\/\/emisora.univalle.edu.co\/index.php\/wp-json\/wp\/v2\/categories?post=5861"},{"taxonomy":"post_tag","embeddable":true,"href":"https:\/\/emisora.univalle.edu.co\/index.php\/wp-json\/wp\/v2\/tags?post=5861"}],"curies":[{"name":"wp","href":"https:\/\/api.w.org\/{rel}","templated":true}]}}