{"id":5880,"date":"2015-08-03T14:31:47","date_gmt":"2015-08-03T19:31:47","guid":{"rendered":"https:\/\/emisora.univalle.edu.co\/\/?p=5880"},"modified":"2015-08-03T14:31:47","modified_gmt":"2015-08-03T19:31:47","slug":"al-ritmo-de-musica-de-la-vieja-guardia-calenos-gozaron-el-festival-de-salsa-y-verano","status":"publish","type":"post","link":"https:\/\/emisora.univalle.edu.co\/index.php\/al-ritmo-de-musica-de-la-vieja-guardia-calenos-gozaron-el-festival-de-salsa-y-verano\/","title":{"rendered":"Al ritmo de m\u00fasica de la vieja guardia, cale\u00f1os gozaron el Festival de Salsa y Verano"},"content":{"rendered":"<p><span style=\"line-height: 1.5em;\">La salsa de todos los tiempos, la pachanga, charanga, tropical, porros, boleros, fueron los protagonistas en el Festival de Salsa y Verano 2015, que se llev\u00f3 a cabo este s\u00e1bado 1 de agosto en las canchas de baloncesto de la Unidad Deportiva Jaime Aparicio.<\/span><\/p>\n<p>Durante 12 horas, los mejores bailadores, y los no tan expertos, gozaron de lo mejor de los g\u00e9neros musicales de la llamada \u2018vieja guardia\u2019, en este evento organizado por la Alcald\u00eda de Santiago de Cali y la Corporaci\u00f3n de Eventos, Ferias y Espect\u00e1culos de Cali -Corfecali-.<\/p>\n<p>Liliana Vargas, integrante del grupo de jurados encargados de hacer la selecci\u00f3n, dijo que\u00a0 las parejas que se escogieron son las que tuvieron esa manera entra\u00f1able de representar la salsa cale\u00f1a de una manera emp\u00edrica.<\/p>\n<p>Francisco Mosquera, uno de los participantes y que hace parte de la agrupaci\u00f3n art\u00edstica Salsa Social, dijo que en su presentaci\u00f3n mostraron\u00a0 todo el talento de los bailadores que son parte de la historia musical de Cali.<\/p>\n<p>Por su parte, la gerente de Corfecali, Luz Adriana Latorre, manifest\u00f3 que este es un evento que cada mitad de a\u00f1o lo esperan todos los cale\u00f1os.<\/p>\n<p>\u201cEs la viejoteca al aire libre m\u00e1s grande que se haya realizado hasta el momento en la ciudad, con la programaci\u00f3n de solo \u00e9xitos musicales por parte de los mejores disc\u00f3manos de los establecimientos m\u00e1s reconocidos de la rumba en Cali\u201d, precis\u00f3.<\/p>\n<p>El Festival de Salsa y Verano 2015 cautiv\u00f3 tanto a propios y turistas, como Laura Morel de Francia. \u201cMe gusta la salsa porque es el s\u00edmbolo de Colombia, es un ritmo muy bonito que me gustar\u00eda seguir aprendiendo. Ac\u00e1 la gente s\u00ed sabe bailar\u201d.<\/p>\n<p>El movimiento r\u00e1pido de las puntas de los pies, los brincos, la cadencia en las caderas de las mujeres se destacaron en cada melod\u00eda que hac\u00eda rememorar una \u00e9poca sin igual.<\/p>\n<p>Los asistentes tambi\u00e9n disfrutaron de los espect\u00e1culos de baile del \u2018Mulato y Martha\u2019, \u2018Los reyes del Bolero y el Son, \u00c9dgar y Yolanda\u2019 y Carlos Paz, as\u00ed como las presentaciones musicales de la Cali Charanga, celebrando sus 30 a\u00f1os de trayectoria musical y la agrupaci\u00f3n \u2018Gamuza y Charol\u2019, interpretando todos sus \u00e9xitos.<\/p>\n<p>Fuente: Comunicaciones Alcald\u00eda<\/p>\n","protected":false},"excerpt":{"rendered":"<p>La salsa de todos los tiempos, la pachanga, charanga, tropical, porros, boleros, fueron los protagonistas en el Festival de Salsa y Verano 2015, que se llev\u00f3 a cabo este s\u00e1bado 1 de agosto en las canchas de baloncesto de la Unidad Deportiva Jaime Aparicio. Durante 12 horas, los mejores bailadores,[&#8230;]<\/p>\n","protected":false},"author":1,"featured_media":5869,"comment_status":"open","ping_status":"open","sticky":false,"template":"","format":"standard","meta":{"footnotes":""},"categories":[4],"tags":[],"_links":{"self":[{"href":"https:\/\/emisora.univalle.edu.co\/index.php\/wp-json\/wp\/v2\/posts\/5880"}],"collection":[{"href":"https:\/\/emisora.univalle.edu.co\/index.php\/wp-json\/wp\/v2\/posts"}],"about":[{"href":"https:\/\/emisora.univalle.edu.co\/index.php\/wp-json\/wp\/v2\/types\/post"}],"author":[{"embeddable":true,"href":"https:\/\/emisora.univalle.edu.co\/index.php\/wp-json\/wp\/v2\/users\/1"}],"replies":[{"embeddable":true,"href":"https:\/\/emisora.univalle.edu.co\/index.php\/wp-json\/wp\/v2\/comments?post=5880"}],"version-history":[{"count":1,"href":"https:\/\/emisora.univalle.edu.co\/index.php\/wp-json\/wp\/v2\/posts\/5880\/revisions"}],"predecessor-version":[{"id":5881,"href":"https:\/\/emisora.univalle.edu.co\/index.php\/wp-json\/wp\/v2\/posts\/5880\/revisions\/5881"}],"wp:featuredmedia":[{"embeddable":true,"href":"https:\/\/emisora.univalle.edu.co\/index.php\/wp-json\/wp\/v2\/media\/5869"}],"wp:attachment":[{"href":"https:\/\/emisora.univalle.edu.co\/index.php\/wp-json\/wp\/v2\/media?parent=5880"}],"wp:term":[{"taxonomy":"category","embeddable":true,"href":"https:\/\/emisora.univalle.edu.co\/index.php\/wp-json\/wp\/v2\/categories?post=5880"},{"taxonomy":"post_tag","embeddable":true,"href":"https:\/\/emisora.univalle.edu.co\/index.php\/wp-json\/wp\/v2\/tags?post=5880"}],"curies":[{"name":"wp","href":"https:\/\/api.w.org\/{rel}","templated":true}]}}