{"id":5882,"date":"2015-08-03T14:33:10","date_gmt":"2015-08-03T19:33:10","guid":{"rendered":"https:\/\/emisora.univalle.edu.co\/\/?p=5882"},"modified":"2015-08-03T14:34:21","modified_gmt":"2015-08-03T19:34:21","slug":"salud-de-cali-y-el-instituto-cedetes-de-univalle-trabajan-en-la-construccion-del-plan-decenal","status":"publish","type":"post","link":"https:\/\/emisora.univalle.edu.co\/index.php\/salud-de-cali-y-el-instituto-cedetes-de-univalle-trabajan-en-la-construccion-del-plan-decenal\/","title":{"rendered":"Salud de Cali y el Instituto Cedetes de Univalle trabajan en la construcci\u00f3n del Plan Decenal"},"content":{"rendered":"<p><span style=\"line-height: 1.5em;\">La Secretar\u00eda de Salud de Cali, como autoridad sanitaria en el Municipio con el Instituto Cedetes de Univalle trabajan desde comienzos del presente a\u00f1o en la construcci\u00f3n del Plan Decenal de Salud P\u00fablica PDSP 2012-2021, que de acuerdo con el Ministerio de Salud de Colombia, \u201ces una expresi\u00f3n concreta de una pol\u00edtica p\u00fablica de Estado, que reconoce la salud como un derecho humano interdependiente y una dimensi\u00f3n importante del desarrollo humano\u201d.<\/span><\/p>\n<p>Dado que la salud p\u00fablica es un compromiso de la sociedad, este plan definir\u00e1 la actuaci\u00f3n articulada entre sectores y actores p\u00fablicos, privados y comunitarios, responsables de la intervenci\u00f3n efectiva y positiva de los procesos de salud, a trav\u00e9s del abordaje de los determinantes sociales, con el fin de crear condiciones que garanticen el bienestar integral y calidad de vida a los habitantes de\u00a0 Cali, objetivos fundamentales del Plan.<\/p>\n<p>En resumen, el Plan es en el mediano plazo, la carta de navegaci\u00f3n que plantea l\u00edneas de trabajo para dar respuesta a los desaf\u00edos actuales en salud p\u00fablica y consolidar, en el marco del sistema de protecci\u00f3n social, las capacidades t\u00e9cnicas para la planeaci\u00f3n, ejecuci\u00f3n, seguimiento y evaluaci\u00f3n de intervenciones colectivas e individuales, que involucran tanto al sector salud como a otros sectores, dentro y fuera de los servicios correspondientes.<\/p>\n<p>En su construcci\u00f3n ha participado la Secretar\u00eda de Salud P\u00fablica Municipal de Cali, siguiendo los lineamientos del Ministerio de Salud y Protecci\u00f3n Social, con la asistencia t\u00e9cnica de la Secretar\u00eda Departamental de Salud y el Instituto Cedetes de <b>la Universidad del Valle.<\/b><\/p>\n<p>Fuente: Comunicaciones Secretar\u00eda de Salud<\/p>\n","protected":false},"excerpt":{"rendered":"<p>La Secretar\u00eda de Salud de Cali, como autoridad sanitaria en el Municipio con el Instituto Cedetes de Univalle trabajan desde comienzos del presente a\u00f1o en la construcci\u00f3n del Plan Decenal de Salud P\u00fablica PDSP 2012-2021, que de acuerdo con el Ministerio de Salud de Colombia, \u201ces una expresi\u00f3n concreta de[&#8230;]<\/p>\n","protected":false},"author":1,"featured_media":5874,"comment_status":"open","ping_status":"open","sticky":false,"template":"","format":"standard","meta":{"footnotes":""},"categories":[4],"tags":[],"_links":{"self":[{"href":"https:\/\/emisora.univalle.edu.co\/index.php\/wp-json\/wp\/v2\/posts\/5882"}],"collection":[{"href":"https:\/\/emisora.univalle.edu.co\/index.php\/wp-json\/wp\/v2\/posts"}],"about":[{"href":"https:\/\/emisora.univalle.edu.co\/index.php\/wp-json\/wp\/v2\/types\/post"}],"author":[{"embeddable":true,"href":"https:\/\/emisora.univalle.edu.co\/index.php\/wp-json\/wp\/v2\/users\/1"}],"replies":[{"embeddable":true,"href":"https:\/\/emisora.univalle.edu.co\/index.php\/wp-json\/wp\/v2\/comments?post=5882"}],"version-history":[{"count":3,"href":"https:\/\/emisora.univalle.edu.co\/index.php\/wp-json\/wp\/v2\/posts\/5882\/revisions"}],"predecessor-version":[{"id":5885,"href":"https:\/\/emisora.univalle.edu.co\/index.php\/wp-json\/wp\/v2\/posts\/5882\/revisions\/5885"}],"wp:featuredmedia":[{"embeddable":true,"href":"https:\/\/emisora.univalle.edu.co\/index.php\/wp-json\/wp\/v2\/media\/5874"}],"wp:attachment":[{"href":"https:\/\/emisora.univalle.edu.co\/index.php\/wp-json\/wp\/v2\/media?parent=5882"}],"wp:term":[{"taxonomy":"category","embeddable":true,"href":"https:\/\/emisora.univalle.edu.co\/index.php\/wp-json\/wp\/v2\/categories?post=5882"},{"taxonomy":"post_tag","embeddable":true,"href":"https:\/\/emisora.univalle.edu.co\/index.php\/wp-json\/wp\/v2\/tags?post=5882"}],"curies":[{"name":"wp","href":"https:\/\/api.w.org\/{rel}","templated":true}]}}