{"id":5886,"date":"2015-08-03T14:38:27","date_gmt":"2015-08-03T19:38:27","guid":{"rendered":"https:\/\/emisora.univalle.edu.co\/\/?p=5886"},"modified":"2015-08-03T14:38:27","modified_gmt":"2015-08-03T19:38:27","slug":"inicia-la-fase-de-concertacion-del-escenario-apuesta-del-valle-del-cauca-vision-valle-2032","status":"publish","type":"post","link":"https:\/\/emisora.univalle.edu.co\/index.php\/inicia-la-fase-de-concertacion-del-escenario-apuesta-del-valle-del-cauca-vision-valle-2032\/","title":{"rendered":"Inicia la fase de concertaci\u00f3n del escenario \u201cApuesta del Valle del Cauca \u2013 Visi\u00f3n Valle 2032\u201d"},"content":{"rendered":"<p><span style=\"line-height: 1.5em;\">El director de Planeaci\u00f3n del Valle del Cauca, Juan Guillermo Valencia de la Torre, present\u00f3 ante medios de comunicaci\u00f3n, comunidad en general y funcionarios de la administraci\u00f3n central y descentralizada los escenarios prospectivos del Valle que hacen parte de la Visi\u00f3n Valle 2032 as\u00ed como los asuntos principales que se deben intervenir de cara al futuro.<\/span><\/p>\n<p>\u201cLo que queremos es que los vallecaucanos conozcan los posibles escenarios que nos esperan en el futuro pr\u00f3ximo para impulsar el desarrollo y que le apuesten al mejor escenario para modelar el progreso que nos merecemos\u201d, dijo el director de Planeaci\u00f3n del Valle, Juan Guillermo Valencia.<\/p>\n<p>Valencia de la Torre anunci\u00f3 igualmente que durante el mes de Agosto se llevar\u00e1n a cabo los talleres subregionales de socializaci\u00f3n de los escenarios prospectivos (inercial, incremental, cambio estructural y pesimista) y de la concertaci\u00f3n del escenario apuesta del Valle del Cauca, en el marco de la Visi\u00f3n Valle 2032.<\/p>\n<p>El equipo conformado en Planeaci\u00f3n Departamental tendr\u00e1 la orientaci\u00f3n de Edgard Moncayo, experto en ciencias econ\u00f3micas y quien ha trabajado como asesor regional de la CEPAL y ha dirigido ejercicios prospectivos como Misi\u00f3n Bogot\u00e1 Siglo XXI.<\/p>\n<p>En el Valle del Cauca existe una importante tradici\u00f3n de esfuerzos prospectivos, entre los cuales se encuentran el Valle 2000, realizado a principios y mediados de los a\u00f1os ochenta y el Plan Maestro de Desarrollo Integral y Sostenible del Valle del Cauca formulado en el per\u00edodo 2001 \u2013 2003 y proyectado al 2015. Estas han sido estrategias de Estado en el largo plazo, que han ampliado los alcances y horizontes del plan de desarrollo, identificando y aprovechando las oportunidades y capacidades del territorio y su gesti\u00f3n social e institucional mediante consensos entre los actores representativos de los sectores poblacionales, acad\u00e9micos, econ\u00f3micos y sociales.<\/p>\n<p>La Visi\u00f3n Valle 2032 ser\u00e1 el insumo base para que otros ejercicios de planificaci\u00f3n, como el Plan de Ordenamiento Territorial Departamental, y los pr\u00f3ximos Planes de Desarrollo Departamentales y otros planes sectoriales, transiten con un hilo conductor que, de acuerdo a la visi\u00f3n del Estado y a la luz de las nuevas reglamentaciones, defina el camino para la construcci\u00f3n de un nuevo tejido territorial en el marco de un desarrollo regional y subregional.<\/p>\n<p><b>Fuente: Comunicaciones Gobernaci\u00f3n<\/b><\/p>\n","protected":false},"excerpt":{"rendered":"<p>El director de Planeaci\u00f3n del Valle del Cauca, Juan Guillermo Valencia de la Torre, present\u00f3 ante medios de comunicaci\u00f3n, comunidad en general y funcionarios de la administraci\u00f3n central y descentralizada los escenarios prospectivos del Valle que hacen parte de la Visi\u00f3n Valle 2032 as\u00ed como los asuntos principales que se[&#8230;]<\/p>\n","protected":false},"author":1,"featured_media":5865,"comment_status":"open","ping_status":"open","sticky":false,"template":"","format":"standard","meta":{"footnotes":""},"categories":[4],"tags":[],"_links":{"self":[{"href":"https:\/\/emisora.univalle.edu.co\/index.php\/wp-json\/wp\/v2\/posts\/5886"}],"collection":[{"href":"https:\/\/emisora.univalle.edu.co\/index.php\/wp-json\/wp\/v2\/posts"}],"about":[{"href":"https:\/\/emisora.univalle.edu.co\/index.php\/wp-json\/wp\/v2\/types\/post"}],"author":[{"embeddable":true,"href":"https:\/\/emisora.univalle.edu.co\/index.php\/wp-json\/wp\/v2\/users\/1"}],"replies":[{"embeddable":true,"href":"https:\/\/emisora.univalle.edu.co\/index.php\/wp-json\/wp\/v2\/comments?post=5886"}],"version-history":[{"count":1,"href":"https:\/\/emisora.univalle.edu.co\/index.php\/wp-json\/wp\/v2\/posts\/5886\/revisions"}],"predecessor-version":[{"id":5887,"href":"https:\/\/emisora.univalle.edu.co\/index.php\/wp-json\/wp\/v2\/posts\/5886\/revisions\/5887"}],"wp:featuredmedia":[{"embeddable":true,"href":"https:\/\/emisora.univalle.edu.co\/index.php\/wp-json\/wp\/v2\/media\/5865"}],"wp:attachment":[{"href":"https:\/\/emisora.univalle.edu.co\/index.php\/wp-json\/wp\/v2\/media?parent=5886"}],"wp:term":[{"taxonomy":"category","embeddable":true,"href":"https:\/\/emisora.univalle.edu.co\/index.php\/wp-json\/wp\/v2\/categories?post=5886"},{"taxonomy":"post_tag","embeddable":true,"href":"https:\/\/emisora.univalle.edu.co\/index.php\/wp-json\/wp\/v2\/tags?post=5886"}],"curies":[{"name":"wp","href":"https:\/\/api.w.org\/{rel}","templated":true}]}}