{"id":5888,"date":"2015-08-03T14:39:22","date_gmt":"2015-08-03T19:39:22","guid":{"rendered":"https:\/\/emisora.univalle.edu.co\/\/?p=5888"},"modified":"2015-08-03T14:39:22","modified_gmt":"2015-08-03T19:39:22","slug":"homenaje-postumo-luis-eduardo-cardozo-en-premio-de-periodismo","status":"publish","type":"post","link":"https:\/\/emisora.univalle.edu.co\/index.php\/homenaje-postumo-luis-eduardo-cardozo-en-premio-de-periodismo\/","title":{"rendered":"Homenaje p\u00f3stumo a Luis Eduardo Cardozo, en premio de periodismo"},"content":{"rendered":"<p><span style=\"line-height: 1.5em;\">Al acoger el anhelo de un centenar de comunicadores cale\u00f1os, el alcalde de Cali, Rodrigo Guerrero Velasco, determin\u00f3 la realizaci\u00f3n de un homenaje p\u00f3stumo a la memoria del periodista Lu\u00eds Eduardo Cardozo Estrada; el cual tendr\u00e1 lugar en el marco de la entrega de los Premios Anuales de Periodismo y Reportar\u00eda Gr\u00e1fica \u2018Alfonso Bonilla Arag\u00f3n\u2019,\u00a0 al cumplirse el pr\u00f3ximo viernes 21 de agosto.<\/span><\/p>\n<p>\u201cValoraba mucho a \u2018Lucho\u2019 como le dec\u00edamos quienes lo conoc\u00edamos, por ser un gran profesional del periodismo, quien era f\u00e9rreo en la defensa de los intereses de la ciudad que le acogi\u00f3\u201d, indic\u00f3 el mandatario cale\u00f1o, quien record\u00f3 que el pr\u00f3ximo 24 de agosto se cumplir\u00e1 el primer a\u00f1o de su infausto deceso.<\/p>\n<p>Al agradecer este tributo de la Administraci\u00f3n Municipal y la iniciativa apoyada por periodistas, el hermano del desaparecido comunicador, \u00d3scar Jaime Cardozo Estrada, record\u00f3 que Luis Eduardo fue el primer vallecaucano en ganar el Premio Nacional de Periodismo \u2018Sim\u00f3n Bol\u00edvar\u2019, con un informe econ\u00f3mico sobre el Puerto de Buenaventura.<\/p>\n<p>Anot\u00f3 que por iniciativa de Cardozo Estrada y en su condici\u00f3n de jefe de Prensa del alcalde Rodrigo Escobar Navia, se cre\u00f3 en 1981 el Premio \u2018Bonilla Arag\u00f3n\u2019, como una manera de honrar la memoria del cronista y comunicador vallecaucano Alfonso Bonilla Arag\u00f3n, fallecido en 1979.<\/p>\n<p>Previo al tributo p\u00f3stumo, el artista pl\u00e1stico Juan Gerlein, de reciente participaci\u00f3n en el ArtExpo New York 2015, har\u00e1 entrega de una escultura a la ciudad, cuya r\u00e9plica recibir\u00e1 la familia del inmolado comunicador, en la fecha del homenaje.<\/p>\n<p>Fuente: Comunicaciones Alcald\u00eda<\/p>\n","protected":false},"excerpt":{"rendered":"<p>Al acoger el anhelo de un centenar de comunicadores cale\u00f1os, el alcalde de Cali, Rodrigo Guerrero Velasco, determin\u00f3 la realizaci\u00f3n de un homenaje p\u00f3stumo a la memoria del periodista Lu\u00eds Eduardo Cardozo Estrada; el cual tendr\u00e1 lugar en el marco de la entrega de los Premios Anuales de Periodismo y[&#8230;]<\/p>\n","protected":false},"author":1,"featured_media":5872,"comment_status":"open","ping_status":"open","sticky":false,"template":"","format":"standard","meta":{"footnotes":""},"categories":[4],"tags":[],"_links":{"self":[{"href":"https:\/\/emisora.univalle.edu.co\/index.php\/wp-json\/wp\/v2\/posts\/5888"}],"collection":[{"href":"https:\/\/emisora.univalle.edu.co\/index.php\/wp-json\/wp\/v2\/posts"}],"about":[{"href":"https:\/\/emisora.univalle.edu.co\/index.php\/wp-json\/wp\/v2\/types\/post"}],"author":[{"embeddable":true,"href":"https:\/\/emisora.univalle.edu.co\/index.php\/wp-json\/wp\/v2\/users\/1"}],"replies":[{"embeddable":true,"href":"https:\/\/emisora.univalle.edu.co\/index.php\/wp-json\/wp\/v2\/comments?post=5888"}],"version-history":[{"count":1,"href":"https:\/\/emisora.univalle.edu.co\/index.php\/wp-json\/wp\/v2\/posts\/5888\/revisions"}],"predecessor-version":[{"id":5889,"href":"https:\/\/emisora.univalle.edu.co\/index.php\/wp-json\/wp\/v2\/posts\/5888\/revisions\/5889"}],"wp:featuredmedia":[{"embeddable":true,"href":"https:\/\/emisora.univalle.edu.co\/index.php\/wp-json\/wp\/v2\/media\/5872"}],"wp:attachment":[{"href":"https:\/\/emisora.univalle.edu.co\/index.php\/wp-json\/wp\/v2\/media?parent=5888"}],"wp:term":[{"taxonomy":"category","embeddable":true,"href":"https:\/\/emisora.univalle.edu.co\/index.php\/wp-json\/wp\/v2\/categories?post=5888"},{"taxonomy":"post_tag","embeddable":true,"href":"https:\/\/emisora.univalle.edu.co\/index.php\/wp-json\/wp\/v2\/tags?post=5888"}],"curies":[{"name":"wp","href":"https:\/\/api.w.org\/{rel}","templated":true}]}}