{"id":5890,"date":"2015-08-03T14:41:03","date_gmt":"2015-08-03T19:41:03","guid":{"rendered":"https:\/\/emisora.univalle.edu.co\/\/?p=5890"},"modified":"2015-08-03T14:41:03","modified_gmt":"2015-08-03T19:41:03","slug":"secretario-de-educacion-departamental-acompano-foro-educativo-2015-en-el-municipio-de-toro","status":"publish","type":"post","link":"https:\/\/emisora.univalle.edu.co\/index.php\/secretario-de-educacion-departamental-acompano-foro-educativo-2015-en-el-municipio-de-toro\/","title":{"rendered":"Secretario de Educaci\u00f3n Departamental acompa\u00f1\u00f3 Foro Educativo 2015, en el municipio de Toro"},"content":{"rendered":"<p><span style=\"line-height: 1.5em;\">M\u00e1s de cien personas se congregaron en la instituci\u00f3n educativa Nuestra Se\u00f1ora de la Consolaci\u00f3n, del municipio de Toro para analizar y reflexionar sobre las mejores pr\u00e1cticas pedag\u00f3gicas de aula en la formaci\u00f3n y desarrollo de competencias en las \u00e1reas de lenguaje y matem\u00e1ticas, en el marco de la realizaci\u00f3n del Foro Educativo Municipal 2015. El secretario de educaci\u00f3n del Valle del Cauca, Jos\u00e9 Gustavo Padilla Orozco, acompa\u00f1\u00f3 a los actores educativos en este importante evento.<\/span><\/p>\n<p>El jefe de la cartera educativa, recalc\u00f3 la importancia de los foros educativos como lo dicta la Ley 115 que instaura estos espacios para la participaci\u00f3n, discusi\u00f3n y reflexi\u00f3n a fin de trazar nuevas rutas que contribuyan a mejorar las pr\u00e1cticas de aula redundando en el mejoramiento de la calidad de la educaci\u00f3n. \u201cEl Foro se convierte en un escenario de an\u00e1lisis para estudiar los temas pilares en el desarrollo de la calidad de la educaci\u00f3n, espec\u00edficamente las pr\u00e1cticas pedag\u00f3gicas en las \u00e1reas de lenguaje y matem\u00e1ticas encaminadas a la construcci\u00f3n para una mejor educaci\u00f3n\u201d, afirm\u00f3 el Secretario Padilla.<\/p>\n<p>Durante el evento, los docentes presentaron sus experiencias significativas en mejores pr\u00e1cticas en el aula de clase, en las \u00e1reas de matem\u00e1ticas y lenguaje. Igualmente, asistieron educadores, tutores del Programa Nacional \u2018Todos a Aprender\u2019, comunidad educativa, el rector de la instituci\u00f3n educativa Fray Jos\u00e9 Joaqu\u00edn Escobar, autoridades municipales, entre ellas la alcaldesa del municipio de Toro, F\u00e1tima Rold\u00e1n; y autoridades departamentales.<\/p>\n<p>Fuente: Comunicaiones Gobernaci\u00f3n<\/p>\n","protected":false},"excerpt":{"rendered":"<p>M\u00e1s de cien personas se congregaron en la instituci\u00f3n educativa Nuestra Se\u00f1ora de la Consolaci\u00f3n, del municipio de Toro para analizar y reflexionar sobre las mejores pr\u00e1cticas pedag\u00f3gicas de aula en la formaci\u00f3n y desarrollo de competencias en las \u00e1reas de lenguaje y matem\u00e1ticas, en el marco de la realizaci\u00f3n[&#8230;]<\/p>\n","protected":false},"author":1,"featured_media":5870,"comment_status":"open","ping_status":"open","sticky":false,"template":"","format":"standard","meta":{"footnotes":""},"categories":[4],"tags":[],"_links":{"self":[{"href":"https:\/\/emisora.univalle.edu.co\/index.php\/wp-json\/wp\/v2\/posts\/5890"}],"collection":[{"href":"https:\/\/emisora.univalle.edu.co\/index.php\/wp-json\/wp\/v2\/posts"}],"about":[{"href":"https:\/\/emisora.univalle.edu.co\/index.php\/wp-json\/wp\/v2\/types\/post"}],"author":[{"embeddable":true,"href":"https:\/\/emisora.univalle.edu.co\/index.php\/wp-json\/wp\/v2\/users\/1"}],"replies":[{"embeddable":true,"href":"https:\/\/emisora.univalle.edu.co\/index.php\/wp-json\/wp\/v2\/comments?post=5890"}],"version-history":[{"count":1,"href":"https:\/\/emisora.univalle.edu.co\/index.php\/wp-json\/wp\/v2\/posts\/5890\/revisions"}],"predecessor-version":[{"id":5891,"href":"https:\/\/emisora.univalle.edu.co\/index.php\/wp-json\/wp\/v2\/posts\/5890\/revisions\/5891"}],"wp:featuredmedia":[{"embeddable":true,"href":"https:\/\/emisora.univalle.edu.co\/index.php\/wp-json\/wp\/v2\/media\/5870"}],"wp:attachment":[{"href":"https:\/\/emisora.univalle.edu.co\/index.php\/wp-json\/wp\/v2\/media?parent=5890"}],"wp:term":[{"taxonomy":"category","embeddable":true,"href":"https:\/\/emisora.univalle.edu.co\/index.php\/wp-json\/wp\/v2\/categories?post=5890"},{"taxonomy":"post_tag","embeddable":true,"href":"https:\/\/emisora.univalle.edu.co\/index.php\/wp-json\/wp\/v2\/tags?post=5890"}],"curies":[{"name":"wp","href":"https:\/\/api.w.org\/{rel}","templated":true}]}}