{"id":5892,"date":"2015-08-03T14:41:51","date_gmt":"2015-08-03T19:41:51","guid":{"rendered":"https:\/\/emisora.univalle.edu.co\/\/?p=5892"},"modified":"2015-08-03T14:41:51","modified_gmt":"2015-08-03T19:41:51","slug":"colombia-invitado-de-honor-en-la-feria-del-libro-de-lima-2016","status":"publish","type":"post","link":"https:\/\/emisora.univalle.edu.co\/index.php\/colombia-invitado-de-honor-en-la-feria-del-libro-de-lima-2016\/","title":{"rendered":"Colombia invitado de honor en la Feria del Libro de Lima 2016"},"content":{"rendered":"<p><span style=\"line-height: 1.5em;\">En el marco de la Feria del Libro de Lima 2015, La Ministra de Cultura de Colombia, Mariana Garc\u00e9s, y su hom\u00f3loga peruana, Diana \u00c1lvarez, anunciaron oficialmente la participaci\u00f3n de Colombia como Pa\u00eds Invitado de Honor en la edici\u00f3n del pr\u00f3ximo a\u00f1o<\/span><\/p>\n<p>Sobre la invitaci\u00f3n a Colombia para Feria del Libro de Lima\u00a0 2016 cuyo lema ser\u00e1 \u201cHagamos del Per\u00fa un pa\u00eds de lectores\u201d la Ministra de Cultura, Mariana Garc\u00e9s C\u00f3rdoba, afirm\u00f3 que en Colombia se siente gratitud con Per\u00fa debido a su excelente participaci\u00f3n en la FILBO 2014. \u201cTenemos un reto enorme que es\u00a0 retribuir esta visita, pues la cultura del Per\u00fa se tom\u00f3 Bogot\u00e1, lo que agradecemos\u201d, se\u00f1al\u00f3 la ministra.<\/p>\n<p>La Ministra de Cultura de Per\u00fa record\u00f3 la magn\u00edfica acogida que tuvo su pa\u00eds cuando fue Invitado de Honor de la Feria Internacional del Libro de Bogot\u00e1\u00a0 y asegur\u00f3 que ser\u00e1 un alt\u00edsimo honor recibir la visita de Colombia en esta oportunidad.<\/p>\n<p>Del mismo modo, el presidente de la C\u00e1mara Peruana del Libro, Germ\u00e1n Coronado Vallenas, record\u00f3 la visita peruana a la FILBO como una experiencia magn\u00edfica, y destac\u00f3 la excelente calidad de la industria editorial colombiana, la cual conoce desde su experiencia profesional, as\u00ed como las numerosas y eficientes organizaciones de promoci\u00f3n a la lectura colombianas.<\/p>\n<p>La Ministra, Mariana Garc\u00e9s C\u00f3rdoba se\u00f1al\u00f3 que el 37% de su presupuesto est\u00e1 destinado a implementar y organizar bibliotecas en lugares no tradicionales, as\u00ed como a fomentar bibliotecas en casas. Por ejemplo, dentro de las pol\u00edticas del gobierno central, se entregar\u00e1 cien mil viviendas a personas en situaci\u00f3n de pobreza, equipadas con bibliotecas. \u201cUna vivienda digna es una que tiene libros\u201d, dijo la Ministra, y a\u00f1adi\u00f3 que proyectos como \u00e9ste son de largo aliento.<\/p>\n<p>En ese sentido, las Ministras de Cultura de ambos pa\u00edses remarcaron que han firmado dos convenios de cooperaci\u00f3n entre sus carteras, uno referido al trabajo con comunidades ind\u00edgenas y otro relacionado a las artes esc\u00e9nicas.<\/p>\n<p>Fuente. Comunicaciones MinCultura<\/p>\n","protected":false},"excerpt":{"rendered":"<p>En el marco de la Feria del Libro de Lima 2015, La Ministra de Cultura de Colombia, Mariana Garc\u00e9s, y su hom\u00f3loga peruana, Diana \u00c1lvarez, anunciaron oficialmente la participaci\u00f3n de Colombia como Pa\u00eds Invitado de Honor en la edici\u00f3n del pr\u00f3ximo a\u00f1o Sobre la invitaci\u00f3n a Colombia para Feria del[&#8230;]<\/p>\n","protected":false},"author":1,"featured_media":5875,"comment_status":"open","ping_status":"open","sticky":false,"template":"","format":"standard","meta":{"footnotes":""},"categories":[4],"tags":[],"_links":{"self":[{"href":"https:\/\/emisora.univalle.edu.co\/index.php\/wp-json\/wp\/v2\/posts\/5892"}],"collection":[{"href":"https:\/\/emisora.univalle.edu.co\/index.php\/wp-json\/wp\/v2\/posts"}],"about":[{"href":"https:\/\/emisora.univalle.edu.co\/index.php\/wp-json\/wp\/v2\/types\/post"}],"author":[{"embeddable":true,"href":"https:\/\/emisora.univalle.edu.co\/index.php\/wp-json\/wp\/v2\/users\/1"}],"replies":[{"embeddable":true,"href":"https:\/\/emisora.univalle.edu.co\/index.php\/wp-json\/wp\/v2\/comments?post=5892"}],"version-history":[{"count":1,"href":"https:\/\/emisora.univalle.edu.co\/index.php\/wp-json\/wp\/v2\/posts\/5892\/revisions"}],"predecessor-version":[{"id":5893,"href":"https:\/\/emisora.univalle.edu.co\/index.php\/wp-json\/wp\/v2\/posts\/5892\/revisions\/5893"}],"wp:featuredmedia":[{"embeddable":true,"href":"https:\/\/emisora.univalle.edu.co\/index.php\/wp-json\/wp\/v2\/media\/5875"}],"wp:attachment":[{"href":"https:\/\/emisora.univalle.edu.co\/index.php\/wp-json\/wp\/v2\/media?parent=5892"}],"wp:term":[{"taxonomy":"category","embeddable":true,"href":"https:\/\/emisora.univalle.edu.co\/index.php\/wp-json\/wp\/v2\/categories?post=5892"},{"taxonomy":"post_tag","embeddable":true,"href":"https:\/\/emisora.univalle.edu.co\/index.php\/wp-json\/wp\/v2\/tags?post=5892"}],"curies":[{"name":"wp","href":"https:\/\/api.w.org\/{rel}","templated":true}]}}