{"id":5894,"date":"2015-08-03T14:43:01","date_gmt":"2015-08-03T19:43:01","guid":{"rendered":"https:\/\/emisora.univalle.edu.co\/\/?p=5894"},"modified":"2015-08-03T14:43:01","modified_gmt":"2015-08-03T19:43:01","slug":"premian-este-martes-ganadores-de-estimulos-cali-2015","status":"publish","type":"post","link":"https:\/\/emisora.univalle.edu.co\/index.php\/premian-este-martes-ganadores-de-estimulos-cali-2015\/","title":{"rendered":"Premian este martes a ganadores de Est\u00edmulos Cali 2015"},"content":{"rendered":"<p><span style=\"line-height: 1.5em;\">La ceremonia de reconocimiento\u00a0 p\u00fablico a los ganadores de Est\u00edmulos Cali 2015, se llevar\u00e1 a cabo este martes 4 de agosto de 2015 a las 9:00 a.m, en el Sal\u00f3n Madera del Centro Cultural de Cali.<\/span><\/p>\n<p>Se contar\u00e1 con la presencia de la secretaria de Cultura y Turismo, Mar\u00eda Helena Qui\u00f1onez Salcedo, y la gerente del Fondo Mixto de Cultura, Mar\u00eda Clemencia Ram\u00edrez de Fern\u00e1ndez, quienes har\u00e1n entrega de los certificados que acreditan el t\u00edtulo de ganador.<\/p>\n<p>La decisi\u00f3n de posponer la ceremonia de entrega de Est\u00edmulos que hace la Secretar\u00eda de Cultura y Turismo de Cali en convenio con el Fondo Mixto de Cultura, que estaba prevista para el pasado 29 de julio,\u00a0 se debe al tiempo que ha tomado el proceso de verificaci\u00f3n de inhabilidades, incompatibilidades o prohibiciones de los proyectos ganadores, as\u00ed como el tiempo que conlleva la elaboraci\u00f3n de convenios con cada uno de los 55 representantes de los proyectos seleccionados por el jurado calificador.<\/p>\n<p>La coordinadora de Emprendimiento Cultural de la Secretar\u00eda de Cultura y Turismo de Cali, Luz Adriana Betancourth, afirma que \u201ctal como se estableci\u00f3 en los t\u00e9rminos generales de la convocatoria, una vez conocida el acta de veredicto o fallo, suscrita por los jurados, se procedi\u00f3\u00a0 a realizar\u00a0 el proceso de verificaci\u00f3n de inhabilidades, incompatibilidades o prohibiciones a los proyectos\u00a0 seleccionados por los jurados, con el fin de garantizar que los ganadores puedan cumplir con los compromisos formulados en los proyectos, cuya responsabilidad queda trasladada a un convenio que\u00a0 exige p\u00f3liza de cumplimiento\u201d.<\/p>\n<p>De esta manera, este 4 de agosto se certificar\u00e1n 55 Est\u00edmulos distribuidos en 8 becas de literatura, 3 en m\u00fasica, 5 en teatro y circo, 4 en danza, 10 en pl\u00e1sticas y visuales, 4 en audiovisuales, 3 en periodismo cultural, 8 en emprendimiento cultural, y 10 en eventos y festivales.<\/p>\n<p>Fuente: Comunicaciones Alcald\u00eda.<\/p>\n","protected":false},"excerpt":{"rendered":"<p>La ceremonia de reconocimiento\u00a0 p\u00fablico a los ganadores de Est\u00edmulos Cali 2015, se llevar\u00e1 a cabo este martes 4 de agosto de 2015 a las 9:00 a.m, en el Sal\u00f3n Madera del Centro Cultural de Cali. Se contar\u00e1 con la presencia de la secretaria de Cultura y Turismo, Mar\u00eda Helena[&#8230;]<\/p>\n","protected":false},"author":1,"featured_media":5879,"comment_status":"open","ping_status":"open","sticky":false,"template":"","format":"standard","meta":{"footnotes":""},"categories":[4],"tags":[],"_links":{"self":[{"href":"https:\/\/emisora.univalle.edu.co\/index.php\/wp-json\/wp\/v2\/posts\/5894"}],"collection":[{"href":"https:\/\/emisora.univalle.edu.co\/index.php\/wp-json\/wp\/v2\/posts"}],"about":[{"href":"https:\/\/emisora.univalle.edu.co\/index.php\/wp-json\/wp\/v2\/types\/post"}],"author":[{"embeddable":true,"href":"https:\/\/emisora.univalle.edu.co\/index.php\/wp-json\/wp\/v2\/users\/1"}],"replies":[{"embeddable":true,"href":"https:\/\/emisora.univalle.edu.co\/index.php\/wp-json\/wp\/v2\/comments?post=5894"}],"version-history":[{"count":1,"href":"https:\/\/emisora.univalle.edu.co\/index.php\/wp-json\/wp\/v2\/posts\/5894\/revisions"}],"predecessor-version":[{"id":5895,"href":"https:\/\/emisora.univalle.edu.co\/index.php\/wp-json\/wp\/v2\/posts\/5894\/revisions\/5895"}],"wp:featuredmedia":[{"embeddable":true,"href":"https:\/\/emisora.univalle.edu.co\/index.php\/wp-json\/wp\/v2\/media\/5879"}],"wp:attachment":[{"href":"https:\/\/emisora.univalle.edu.co\/index.php\/wp-json\/wp\/v2\/media?parent=5894"}],"wp:term":[{"taxonomy":"category","embeddable":true,"href":"https:\/\/emisora.univalle.edu.co\/index.php\/wp-json\/wp\/v2\/categories?post=5894"},{"taxonomy":"post_tag","embeddable":true,"href":"https:\/\/emisora.univalle.edu.co\/index.php\/wp-json\/wp\/v2\/tags?post=5894"}],"curies":[{"name":"wp","href":"https:\/\/api.w.org\/{rel}","templated":true}]}}