{"id":5896,"date":"2015-08-03T14:44:05","date_gmt":"2015-08-03T19:44:05","guid":{"rendered":"https:\/\/emisora.univalle.edu.co\/\/?p=5896"},"modified":"2015-08-03T14:44:05","modified_gmt":"2015-08-03T19:44:05","slug":"mincultura-lamenta-el-fallecimiento-de-jaime-orozco-fundador-del-ballet-folclorico-nacional","status":"publish","type":"post","link":"https:\/\/emisora.univalle.edu.co\/index.php\/mincultura-lamenta-el-fallecimiento-de-jaime-orozco-fundador-del-ballet-folclorico-nacional\/","title":{"rendered":"MinCultura lamenta el fallecimiento de Jaime Orozco, fundador del Ballet Folcl\u00f3rico Nacional"},"content":{"rendered":"<p><span style=\"line-height: 1.5em;\">Muri\u00f3 a los 85 a\u00f1os uno de los mayores representantes de la danza en Colombia. Orozco se destac\u00f3 como bailar\u00edn, core\u00f3grafo y director.<\/span><\/p>\n<p>Luego de enfrentar una enfermedad que lo mantuvo postrado durante m\u00e1s de tres a\u00f1os, falleci\u00f3 en Bogot\u00e1 a la edad de 85 a\u00f1os, el maestro de danza Jaime Orozco, cuyo mayor legado es el Ballet Folcl\u00f3rico Nacional creado hace 60 a\u00f1os, desde el cual form\u00f3 a varias generaciones de bailarines.<\/p>\n<p>Jaime Orozco naci\u00f3 en la capital de Antioquia el 3 de febrero de 1931. En 1954 cre\u00f3 el Ballet Colombiano con el cu\u00e1l empieza un importante recorrido por la danza en Colombia. Sus primeras obras se caracterizaron por tener un contexto cl\u00e1sico y folcl\u00f3rico, siendo Fausto, Serenata Colombiana, Suite en Blanco y Rojo, algunas de ellas. La primera presentaci\u00f3n la realiz\u00f3 en el Teatro Col\u00f3n de Bogot\u00e1.<\/p>\n<p>Vivi\u00f3 durante un a\u00f1o en Lima como core\u00f3grafo del Ballet Nacional de Per\u00fa. A su regreso en 1961 se incorpor\u00f3 en el pa\u00eds como director del Conservatorio de Manizales. En 1970 acept\u00f3 tomar la direcci\u00f3n de la Corporaci\u00f3n Nacional de Ballet de Colombia que m\u00e1s adelante tomar\u00eda el nombre de Ballet de Colombia de Sonia Osorio.\u00a0 En 2013 el Ministerio de Cultura le otorg\u00f3 al maestro Orozco la Medalla al M\u00e9rito Cultural.<\/p>\n<p>La misa criolla, Tentaci\u00f3n ind\u00edgena, Calarc\u00e1 el cacique Pijao, Con Colombia Toto que ver, La ruta libertadora, Am\u00e9rica Danza, Colombia ind\u00edgena, entre otras, son algunas de las obras creadas durante este periodo.<\/p>\n<p>A lo largo de su vida el maestro Osorio se destac\u00f3 por su oficio de docente de bailarines, y por enfocar su labor en j\u00f3venes de bajos recursos.<\/p>\n<p>Fuente: Comunicaciones MinCultura<\/p>\n","protected":false},"excerpt":{"rendered":"<p>Muri\u00f3 a los 85 a\u00f1os uno de los mayores representantes de la danza en Colombia. Orozco se destac\u00f3 como bailar\u00edn, core\u00f3grafo y director. Luego de enfrentar una enfermedad que lo mantuvo postrado durante m\u00e1s de tres a\u00f1os, falleci\u00f3 en Bogot\u00e1 a la edad de 85 a\u00f1os, el maestro de danza[&#8230;]<\/p>\n","protected":false},"author":1,"featured_media":5878,"comment_status":"open","ping_status":"open","sticky":false,"template":"","format":"standard","meta":{"footnotes":""},"categories":[4],"tags":[],"_links":{"self":[{"href":"https:\/\/emisora.univalle.edu.co\/index.php\/wp-json\/wp\/v2\/posts\/5896"}],"collection":[{"href":"https:\/\/emisora.univalle.edu.co\/index.php\/wp-json\/wp\/v2\/posts"}],"about":[{"href":"https:\/\/emisora.univalle.edu.co\/index.php\/wp-json\/wp\/v2\/types\/post"}],"author":[{"embeddable":true,"href":"https:\/\/emisora.univalle.edu.co\/index.php\/wp-json\/wp\/v2\/users\/1"}],"replies":[{"embeddable":true,"href":"https:\/\/emisora.univalle.edu.co\/index.php\/wp-json\/wp\/v2\/comments?post=5896"}],"version-history":[{"count":1,"href":"https:\/\/emisora.univalle.edu.co\/index.php\/wp-json\/wp\/v2\/posts\/5896\/revisions"}],"predecessor-version":[{"id":5897,"href":"https:\/\/emisora.univalle.edu.co\/index.php\/wp-json\/wp\/v2\/posts\/5896\/revisions\/5897"}],"wp:featuredmedia":[{"embeddable":true,"href":"https:\/\/emisora.univalle.edu.co\/index.php\/wp-json\/wp\/v2\/media\/5878"}],"wp:attachment":[{"href":"https:\/\/emisora.univalle.edu.co\/index.php\/wp-json\/wp\/v2\/media?parent=5896"}],"wp:term":[{"taxonomy":"category","embeddable":true,"href":"https:\/\/emisora.univalle.edu.co\/index.php\/wp-json\/wp\/v2\/categories?post=5896"},{"taxonomy":"post_tag","embeddable":true,"href":"https:\/\/emisora.univalle.edu.co\/index.php\/wp-json\/wp\/v2\/tags?post=5896"}],"curies":[{"name":"wp","href":"https:\/\/api.w.org\/{rel}","templated":true}]}}