{"id":5900,"date":"2015-08-03T14:46:14","date_gmt":"2015-08-03T19:46:14","guid":{"rendered":"https:\/\/emisora.univalle.edu.co\/\/?p=5900"},"modified":"2015-08-03T14:46:14","modified_gmt":"2015-08-03T19:46:14","slug":"con-motivo-de-los-475-anos-de-cartago-la-gobernacion-del-valle-realiza-concierto-sinfonico-romantico-los-anos-maravillosos","status":"publish","type":"post","link":"https:\/\/emisora.univalle.edu.co\/index.php\/con-motivo-de-los-475-anos-de-cartago-la-gobernacion-del-valle-realiza-concierto-sinfonico-romantico-los-anos-maravillosos\/","title":{"rendered":"Con motivo de los 475 a\u00f1os de Cartago la Gobernaci\u00f3n del Valle realiza concierto sinf\u00f3nico rom\u00e1ntico \u201cLos A\u00f1os Maravillosos\u201d"},"content":{"rendered":"<p><span style=\"line-height: 1.5em;\">El gobernador del Valle del Cauca Ubeimar Delgado Bland\u00f3n y la Secretaria de Cultura del Departamento, Ana Mar\u00eda Jaramillo Torres,\u00a0 gracias al Programa de Est\u00edmulos a la Creaci\u00f3n, Promoci\u00f3n y Difusi\u00f3n de las manifestaciones culturales del Valle del Cauca, realizar\u00e1 el pr\u00f3ximo Viernes 7 de agosto partir de las 7:00pm, el Gran Concierto Sinf\u00f3nico Rom\u00e1ntico \u201cLos a\u00f1os Maravillosos\u201d en el Atrio de la Iglesia Nuestra Se\u00f1ora de Guadalupe del municipio de Cartago.<\/span><\/p>\n<p>El evento que se realiza por tercer a\u00f1o consecutivo tiene este a\u00f1o la participaci\u00f3n de artistas de los a\u00f1os 60s, 70s y principios de los 80s, considerados los a\u00f1os maravillosos por la riqueza espectral que abarca \u00e9sta tendencia musical en composici\u00f3n y acompa\u00f1amiento orquestal.<\/p>\n<p>\u201cNuestro objetivo es\u00a0 generar espacios para el disfrute de este tipo de m\u00fasica en un formato sinf\u00f3nico y desmitificar con ello que tal formato est\u00e1 solo reservado para la llamada \u201cm\u00fasica culta\u201d o de conciertos reducidos a los teatros. El evento es de car\u00e1cter gratuito con lo cual propendemos la expansi\u00f3n de manifestaciones culturales, la difusi\u00f3n y apreciaci\u00f3n de estas artes para el entendimiento de todo tipo de audiencia\u201d asegur\u00f3 la Secretaria de Cultura Departamental.<\/p>\n<p>El concierto estar\u00e1 dirigido por el maestro V\u00edctor Hugo Grajales Rosales, Interprete y arreglista de la Universidad del Valle y contar\u00e1 con la participaci\u00f3n de una orquesta de proporciones sinf\u00f3nicas, integrada por 20 maestros de reconocida trayectoria musical, acompa\u00f1ando a un grupo de cuatro int\u00e9rpretes de reconocimiento nacional e internacional como Billy Pontoni, Esperanza Acevedo Ossa m\u00e1s conocida como Vicky, Jorge Hernan Baena Cardenas y Maryam Mondrag\u00f3n.<\/p>\n<p>Fuente; Gobernaci\u00f3n del Valle<\/p>\n","protected":false},"excerpt":{"rendered":"<p>El gobernador del Valle del Cauca Ubeimar Delgado Bland\u00f3n y la Secretaria de Cultura del Departamento, Ana Mar\u00eda Jaramillo Torres,\u00a0 gracias al Programa de Est\u00edmulos a la Creaci\u00f3n, Promoci\u00f3n y Difusi\u00f3n de las manifestaciones culturales del Valle del Cauca, realizar\u00e1 el pr\u00f3ximo Viernes 7 de agosto partir de las 7:00pm,[&#8230;]<\/p>\n","protected":false},"author":1,"featured_media":5867,"comment_status":"open","ping_status":"open","sticky":false,"template":"","format":"standard","meta":{"footnotes":""},"categories":[4],"tags":[],"_links":{"self":[{"href":"https:\/\/emisora.univalle.edu.co\/index.php\/wp-json\/wp\/v2\/posts\/5900"}],"collection":[{"href":"https:\/\/emisora.univalle.edu.co\/index.php\/wp-json\/wp\/v2\/posts"}],"about":[{"href":"https:\/\/emisora.univalle.edu.co\/index.php\/wp-json\/wp\/v2\/types\/post"}],"author":[{"embeddable":true,"href":"https:\/\/emisora.univalle.edu.co\/index.php\/wp-json\/wp\/v2\/users\/1"}],"replies":[{"embeddable":true,"href":"https:\/\/emisora.univalle.edu.co\/index.php\/wp-json\/wp\/v2\/comments?post=5900"}],"version-history":[{"count":1,"href":"https:\/\/emisora.univalle.edu.co\/index.php\/wp-json\/wp\/v2\/posts\/5900\/revisions"}],"predecessor-version":[{"id":5901,"href":"https:\/\/emisora.univalle.edu.co\/index.php\/wp-json\/wp\/v2\/posts\/5900\/revisions\/5901"}],"wp:featuredmedia":[{"embeddable":true,"href":"https:\/\/emisora.univalle.edu.co\/index.php\/wp-json\/wp\/v2\/media\/5867"}],"wp:attachment":[{"href":"https:\/\/emisora.univalle.edu.co\/index.php\/wp-json\/wp\/v2\/media?parent=5900"}],"wp:term":[{"taxonomy":"category","embeddable":true,"href":"https:\/\/emisora.univalle.edu.co\/index.php\/wp-json\/wp\/v2\/categories?post=5900"},{"taxonomy":"post_tag","embeddable":true,"href":"https:\/\/emisora.univalle.edu.co\/index.php\/wp-json\/wp\/v2\/tags?post=5900"}],"curies":[{"name":"wp","href":"https:\/\/api.w.org\/{rel}","templated":true}]}}