{"id":5912,"date":"2015-08-03T15:04:51","date_gmt":"2015-08-03T20:04:51","guid":{"rendered":"https:\/\/emisora.univalle.edu.co\/\/?p=5912"},"modified":"2015-08-03T15:04:51","modified_gmt":"2015-08-03T20:04:51","slug":"univalle-en-congreso-internacional-de-ciencias-politicas","status":"publish","type":"post","link":"https:\/\/emisora.univalle.edu.co\/index.php\/univalle-en-congreso-internacional-de-ciencias-politicas\/","title":{"rendered":"Univalle en Congreso Internacional de Ciencias Pol\u00edticas"},"content":{"rendered":"<p><span style=\"line-height: 1.5em;\">El VIII Congreso de la Asociaci\u00f3n Latinoamericana de Ciencias Pol\u00edticas (Alacip) celebrado la semana pasada en la sede de la Pontificia Universidad Cat\u00f3lica de Lima (Per\u00fa), acogi\u00f3, por primera vez, a cerca de una veintena de ponentes de la Universidad del Valle.<\/span><\/p>\n<p>Diecisiete estudiantes del Programa de Estudios Pol\u00edticos y Resoluci\u00f3n de Conflictos del Instituto de Educaci\u00f3n y Pedagog\u00eda de la Universidad del Valle, la mayor de todas- hicieron parte del evento como ponentes, llamando la atenci\u00f3n de los medios las experiencias sobre la construcci\u00f3n de paz en el pa\u00eds en el marco del actual proceso de negociaciones de La Habana.<\/p>\n<p>Seg\u00fan Juan David Santamar\u00eda Mesa, estudiante de Ciencias Pol\u00edticas de Univalle y ponente del proyecto sobre \u201cMovilidad como actor indispensable en la construcci\u00f3n de la pol\u00edtica p\u00fablica ambiental en la Universidad del Valle\u201d, dichas experiencias se robaron el show de los medios.<\/p>\n<p>Dentro de la agenda de los univallunos se habl\u00f3 del sangriento episodio de exterminio de la Uni\u00f3n Patri\u00f3tica (ver Intervenciones de Univalle), la resistencia ind\u00edgena colombiana como contrapeso del poder y de las experiencias de paz en medio del conflicto, entre otros.<\/p>\n<p>La ALACIP re\u00fane, cada dos a\u00f1os, a decenas de profesionales de la Ciencia Pol\u00edtica interesados en el conocimiento sobre Am\u00e9rica Latina. \u00bfSu misi\u00f3n? Contribuir a la calidad de la investigaci\u00f3n y apoyar el desarrollo de la disciplina en esta regi\u00f3n del mundo.<\/p>\n<p>Para Santamar\u00eda Mesa, \u201cel congreso nos da la oportunidad de conectarnos con una extensa red de colegas, muchos de los cuales comparten el inter\u00e9s por los mismos temas en otros pa\u00edses de la regi\u00f3n, y m\u00e1s all\u00e1 de ella\u201d.<\/p>\n<p>La ALACIP fue constituida en el marco del primer congreso realizado en la ciudad de Salamanca en 2002. A lo largo de estos trece a\u00f1os, otros seis congresos tuvieron lugar: Ciudad de M\u00e9xico (2004), Campinas (2006), San Jos\u00e9 (2008), Buenos Aires (2010), Quito (2012) y Bogot\u00e1 (2013).<\/p>\n<p>Igualmente, el estudiante univalluno manifest\u00f3 que \u201cestos intercambios son beneficiosos para la producci\u00f3n cient\u00edfica: nos dan la oportunidad de emprender proyectos conjuntos, facilitan el desarrollo de la perspectiva comparada y mejoran la calidad de nuestros trabajos\u201d.<\/p>\n<p>Actualmente, la Asociaci\u00f3n cuenta con 21 din\u00e1micos grupos de investigaci\u00f3n, cuyo prop\u00f3sito es facilitar el contacto y la colaboraci\u00f3n entre acad\u00e9micos especializados en una misma \u00e1rea tem\u00e1tica.<\/p>\n<p>El pasado Congreso de Lima fue, adem\u00e1s, sede de la primera Escuela ALACIP de Herramientas para el An\u00e1lisis Pol\u00edtico, creada apenas hace un a\u00f1o. \u201cLa idea es que la escuela de Univalle acompa\u00f1e cada dos a\u00f1os al congreso de la Asociaci\u00f3n\u201d, relat\u00f3 Santamar\u00eda.<\/p>\n<p>La escuela ALACIP tiene como finalidad contribuir a la capacitaci\u00f3n y actualizaci\u00f3n metodol\u00f3gica de los socios y de la comunidad de ciencia pol\u00edtica latinoamericana en general. En \u00e9sta, su primera versi\u00f3n cont\u00f3 con aproximadamente 40 inscritos en dos cursos y seis talleres.<\/p>\n<p>Durante el VIII Congreso de Lima se entreg\u00f3 el Premio Guillermo O\u2019Donnell en su sexta edici\u00f3n a la mejor tesis doctoral, en la que participaron m\u00e1s de 1.400 ponencias y un n\u00famero mayor de participantes.<\/p>\n<p>La destacada participaci\u00f3n de los univallunos en este certamen hace parte de las pol\u00edticas de internacionalizaci\u00f3n del alma mater de los Vallecaucanos en que se ha centrado la pol\u00edtica del rector, Iv\u00e1n Enrique Ramos Calder\u00f3n.<\/p>\n<p>INTERVECIONES DE UNIVALLE<\/p>\n<p>\u2022\u00a0\u00a0\u00a0\u00a0\u00a0\u00a0\u00a0\u00a0\u00a0\u00a0\u00a0\u00a0\u00a0 Nuevas miradas al conflicto armado en Colombia. Estudiante \u00c1ngela Mar\u00eda Hurtado con su trabajo \u00abLos diferentes tr\u00e1mites al conflicto armado colombiano como expresi\u00f3n de una cultura pol\u00edtica determinada. Caso Cagu\u00e1n, pol\u00edtica de seguridad democr\u00e1tica y di\u00e1logos de la Habana\u00bb.<\/p>\n<p>\u2022\u00a0\u00a0\u00a0\u00a0\u00a0\u00a0\u00a0\u00a0\u00a0\u00a0\u00a0\u00a0\u00a0 Pol\u00edticas de juventud en Am\u00e9rica Latina. Estudiante: Freddy Hernando Alpala. Pol\u00edtica p\u00fablica de la infancia en Colombia. Implementaci\u00f3n de los Centros de Desarrollo Infantil (CDI): Caso Santiago de Cali.<\/p>\n<p>\u2022\u00a0\u00a0\u00a0\u00a0\u00a0\u00a0\u00a0\u00a0\u00a0\u00a0\u00a0\u00a0\u00a0 \u201cExperiencias de Construcci\u00f3n de Paz en Colombia: Escenarios Reales, Escenarios Posibles. El sangriento episodio de la Uni\u00f3n Patri\u00f3tica: Desenlace de una propuesta que no construy\u00f3 paz\u201d: Camilo Bola\u00f1os y Daniela Vidal; \u201cLa resistencia ind\u00edgena colombiana como contrapeso del poder\u201d: Ang\u00e9lica Mar\u00eda S\u00e1nchez Montenegro; \u201cla Corriente de Renovaci\u00f3n Socialista, una experiencia de paz en medio del conflicto colombiano\u201d: Segundo Gil y Daniel Arce.<\/p>\n<p>\u2022\u00a0\u00a0\u00a0\u00a0\u00a0\u00a0\u00a0\u00a0\u00a0\u00a0\u00a0\u00a0\u00a0 Pol\u00edtica municipal en perspectiva comparada: casos regionales. \u201cOutsiders pol\u00edticos en las elecciones subnacionales: alcald\u00edas de las 32 capitales departamentales de Colombia\u201d: Luis Eduardo Guti\u00e9rrez y Daniel Fernando Morales.<\/p>\n<p>\u2022\u00a0\u00a0\u00a0\u00a0\u00a0\u00a0\u00a0\u00a0\u00a0\u00a0\u00a0\u00a0\u00a0 Partidos pol\u00edticos y movimientos sociales: \u201cLa institucionalizaci\u00f3n de los partidos pol\u00edticos y su relaci\u00f3n con los Movimientos sociales\u201d: Pen\u00e9lope Escobar Rojas.<\/p>\n<p>\u2022\u00a0\u00a0\u00a0\u00a0\u00a0\u00a0\u00a0\u00a0\u00a0\u00a0\u00a0\u00a0\u00a0 Protesta y movimientos estudiantiles: Los casos de Chile y Colombia. \u201cLos movimientos sociales en perspectiva comparada: el caso del movimiento estudiantil de la Universidad del Valle, 1971 y 2011\u201d: Yeison Sosa Londo\u00f1o.<\/p>\n<p>\u2022\u00a0\u00a0\u00a0\u00a0\u00a0\u00a0\u00a0\u00a0\u00a0\u00a0\u00a0\u00a0\u00a0 Pol\u00edticas p\u00fablicas y recursos naturales III. \u201cLa movilidad como actor indispensable en la construcci\u00f3n de la pol\u00edtica p\u00fablica ambiental en la Universidad del Valle\u201d: Juan David Santamar\u00eda Mesa y Julio C\u00e9sar Sandoval Guzm\u00e1n.<\/p>\n<p>\u2022\u00a0\u00a0\u00a0\u00a0\u00a0\u00a0\u00a0\u00a0\u00a0\u00a0\u00a0\u00a0\u00a0 Fuente: Agencia de Noticias Univalle<\/p>\n<p>&nbsp;<\/p>\n","protected":false},"excerpt":{"rendered":"<p>El VIII Congreso de la Asociaci\u00f3n Latinoamericana de Ciencias Pol\u00edticas (Alacip) celebrado la semana pasada en la sede de la Pontificia Universidad Cat\u00f3lica de Lima (Per\u00fa), acogi\u00f3, por primera vez, a cerca de una veintena de ponentes de la Universidad del Valle. Diecisiete estudiantes del Programa de Estudios Pol\u00edticos y[&#8230;]<\/p>\n","protected":false},"author":1,"featured_media":5913,"comment_status":"open","ping_status":"open","sticky":false,"template":"","format":"standard","meta":{"footnotes":""},"categories":[4],"tags":[],"_links":{"self":[{"href":"https:\/\/emisora.univalle.edu.co\/index.php\/wp-json\/wp\/v2\/posts\/5912"}],"collection":[{"href":"https:\/\/emisora.univalle.edu.co\/index.php\/wp-json\/wp\/v2\/posts"}],"about":[{"href":"https:\/\/emisora.univalle.edu.co\/index.php\/wp-json\/wp\/v2\/types\/post"}],"author":[{"embeddable":true,"href":"https:\/\/emisora.univalle.edu.co\/index.php\/wp-json\/wp\/v2\/users\/1"}],"replies":[{"embeddable":true,"href":"https:\/\/emisora.univalle.edu.co\/index.php\/wp-json\/wp\/v2\/comments?post=5912"}],"version-history":[{"count":1,"href":"https:\/\/emisora.univalle.edu.co\/index.php\/wp-json\/wp\/v2\/posts\/5912\/revisions"}],"predecessor-version":[{"id":5914,"href":"https:\/\/emisora.univalle.edu.co\/index.php\/wp-json\/wp\/v2\/posts\/5912\/revisions\/5914"}],"wp:featuredmedia":[{"embeddable":true,"href":"https:\/\/emisora.univalle.edu.co\/index.php\/wp-json\/wp\/v2\/media\/5913"}],"wp:attachment":[{"href":"https:\/\/emisora.univalle.edu.co\/index.php\/wp-json\/wp\/v2\/media?parent=5912"}],"wp:term":[{"taxonomy":"category","embeddable":true,"href":"https:\/\/emisora.univalle.edu.co\/index.php\/wp-json\/wp\/v2\/categories?post=5912"},{"taxonomy":"post_tag","embeddable":true,"href":"https:\/\/emisora.univalle.edu.co\/index.php\/wp-json\/wp\/v2\/tags?post=5912"}],"curies":[{"name":"wp","href":"https:\/\/api.w.org\/{rel}","templated":true}]}}