{"id":5931,"date":"2015-08-04T15:08:47","date_gmt":"2015-08-04T20:08:47","guid":{"rendered":"https:\/\/emisora.univalle.edu.co\/\/?p=5931"},"modified":"2015-08-04T15:08:47","modified_gmt":"2015-08-04T20:08:47","slug":"para-entrar-la-comunidad-schengen-los-colombianos-deberan-cambiar-el-pasaporte-convencional-partir-del-1-de-septiembre","status":"publish","type":"post","link":"https:\/\/emisora.univalle.edu.co\/index.php\/para-entrar-la-comunidad-schengen-los-colombianos-deberan-cambiar-el-pasaporte-convencional-partir-del-1-de-septiembre\/","title":{"rendered":"Para entrar a la comunidad Schengen los colombianos deber\u00e1n cambiar el pasaporte convencional a partir del 1\u00b0 de septiembre"},"content":{"rendered":"<p><span style=\"line-height: 1.5em;\">La Ministra de Relaciones Exteriores, Mar\u00eda \u00c1ngela Holgu\u00edn, inform\u00f3 este lunes que los colombianos que quieran ingresar a territorio europeo despu\u00e9s del 1\u00b0 de septiembre deber\u00e1n tener el pasaporte de chip<\/span><\/p>\n<p>\u201cSomos, entre otros, de los pocos pa\u00edses de Am\u00e9rica Latina que ya lo vamos a lanzar, Presidente, creo que somos el tercero despu\u00e9s de Brasil, Panam\u00e1; s\u00e9 que Per\u00fa est\u00e1 en el proceso pero ese ser\u00e1 expedido despu\u00e9s del 31 de agosto\u201d, indic\u00f3 la Canciller.<\/p>\n<p>La Ministra explic\u00f3 que dicho cambio obedece a lo acordado con la Uni\u00f3n Europea para eliminar la visa a los colombianos.<\/p>\n<p>\u201cDentro de la negociaci\u00f3n con la Uni\u00f3n Europea, para no tener visa y que los colombianos podamos entrar sin la visa a la Uni\u00f3n Europea\u201d, sostuvo\u00a0 la alta funcionaria durante la gira que el Presidente de la Rep\u00fablica, Juan Manuel Santos Calder\u00f3n, realiza por el pa\u00eds para destacar los logros de su Gobierno y trazar metas para el 2018.<\/p>\n<p>La Ministra tambi\u00e9n se\u00f1al\u00f3 que hay plazo de 10 a\u00f1os para actualizar el\u00a0 pasaporte.<\/p>\n<p>\u201cTenemos 10 a\u00f1os, as\u00ed que tampoco hay que angustiarse, 10 a\u00f1os para las personas que quieran entrar a Europa sin visa, tendr\u00e1n este pasaporte, que ser\u00e1 expedido a partir del 31 de agosto\u201d, afirm\u00f3 la Canciller.<\/p>\n<p>As\u00ed mismo, la Ministra indic\u00f3 que el pasaporte expedido hace 5 a\u00f1os tendr\u00e1 vigencia hasta el pr\u00f3ximo 24 de noviembre, por lo que debe renovarse.<\/p>\n<p>\u201cCualquier persona que quiera salir a partir del 25 de noviembre tiene que tener este pasaporte, que es el que actualmente se expide\u201d, concluy\u00f3 la Canciller.<\/p>\n<p>Fuente: comunicaciones Presidencia<\/p>\n","protected":false},"excerpt":{"rendered":"<p>La Ministra de Relaciones Exteriores, Mar\u00eda \u00c1ngela Holgu\u00edn, inform\u00f3 este lunes que los colombianos que quieran ingresar a territorio europeo despu\u00e9s del 1\u00b0 de septiembre deber\u00e1n tener el pasaporte de chip \u201cSomos, entre otros, de los pocos pa\u00edses de Am\u00e9rica Latina que ya lo vamos a lanzar, Presidente, creo que[&#8230;]<\/p>\n","protected":false},"author":1,"featured_media":5916,"comment_status":"open","ping_status":"open","sticky":false,"template":"","format":"standard","meta":{"footnotes":""},"categories":[4],"tags":[],"_links":{"self":[{"href":"https:\/\/emisora.univalle.edu.co\/index.php\/wp-json\/wp\/v2\/posts\/5931"}],"collection":[{"href":"https:\/\/emisora.univalle.edu.co\/index.php\/wp-json\/wp\/v2\/posts"}],"about":[{"href":"https:\/\/emisora.univalle.edu.co\/index.php\/wp-json\/wp\/v2\/types\/post"}],"author":[{"embeddable":true,"href":"https:\/\/emisora.univalle.edu.co\/index.php\/wp-json\/wp\/v2\/users\/1"}],"replies":[{"embeddable":true,"href":"https:\/\/emisora.univalle.edu.co\/index.php\/wp-json\/wp\/v2\/comments?post=5931"}],"version-history":[{"count":1,"href":"https:\/\/emisora.univalle.edu.co\/index.php\/wp-json\/wp\/v2\/posts\/5931\/revisions"}],"predecessor-version":[{"id":5932,"href":"https:\/\/emisora.univalle.edu.co\/index.php\/wp-json\/wp\/v2\/posts\/5931\/revisions\/5932"}],"wp:featuredmedia":[{"embeddable":true,"href":"https:\/\/emisora.univalle.edu.co\/index.php\/wp-json\/wp\/v2\/media\/5916"}],"wp:attachment":[{"href":"https:\/\/emisora.univalle.edu.co\/index.php\/wp-json\/wp\/v2\/media?parent=5931"}],"wp:term":[{"taxonomy":"category","embeddable":true,"href":"https:\/\/emisora.univalle.edu.co\/index.php\/wp-json\/wp\/v2\/categories?post=5931"},{"taxonomy":"post_tag","embeddable":true,"href":"https:\/\/emisora.univalle.edu.co\/index.php\/wp-json\/wp\/v2\/tags?post=5931"}],"curies":[{"name":"wp","href":"https:\/\/api.w.org\/{rel}","templated":true}]}}