{"id":5933,"date":"2015-08-04T15:29:31","date_gmt":"2015-08-04T20:29:31","guid":{"rendered":"https:\/\/emisora.univalle.edu.co\/\/?p=5933"},"modified":"2015-08-04T15:29:31","modified_gmt":"2015-08-04T20:29:31","slug":"gobierno-nacional-se-compromete-suscribir-170-acuerdos-internacionales-para-el-posconflicto","status":"publish","type":"post","link":"https:\/\/emisora.univalle.edu.co\/index.php\/gobierno-nacional-se-compromete-suscribir-170-acuerdos-internacionales-para-el-posconflicto\/","title":{"rendered":"Gobierno Nacional se compromete a suscribir 170 acuerdos internacionales para el posconflicto"},"content":{"rendered":"<p><span style=\"line-height: 1.5em;\">El Gobierno Nacional se comprometi\u00f3 este lunes a suscribir durante los pr\u00f3ximos tres a\u00f1os 170 acuerdos internacionales que coadyuven en la etapa del posconflicto.<\/span><\/p>\n<p>El compromiso fue suscrito, en desarrollo de la gira \u2018Estamos Cumpliendo\u2019, por la Ministra de Relaciones Exteriores, Mar\u00eda \u00c1ngela Holgu\u00edn, quien explic\u00f3 que tales acuerdos ser\u00e1n de gran utilidad para la fase inmediata al cese del conflicto armado.<\/p>\n<p>Poco antes de llegar a la socializaci\u00f3n de ese compromiso, el Jefe del Estado asegur\u00f3 que el mundo est\u00e1 apoyando el proceso de paz de Colombia.<\/p>\n<p>\u201cSe calcula que son alrededor de 22, 23 conflictos alrededor del mundo, todos muy dif\u00edciles de solucionar, todos se est\u00e1n agravando en cierta forma y el \u00fanico que se perfila como con buenos resultados, el \u00fanico que est\u00e1 siendo visto con buenos ojos, que va a terminar bien es el colombiano\u201d, afirm\u00f3..<\/p>\n<p>Durante su intervenci\u00f3n el Presidente Juan Manuel Santos sostuvo que hace cinco a\u00f1os \u201cten\u00edamos relaciones rotas con nuestros vecinos, no hab\u00eda ning\u00fan tipo de comunicaci\u00f3n, no hab\u00edan relaciones diplom\u00e1ticas, el comercio estaba suspendido, Colombia era un pa\u00eds que en la regi\u00f3n la ve\u00edan como una especie de oveja negra en toda la regi\u00f3n, est\u00e1bamos en todas las listas negras de diferentes organizaciones de derechos humanos, nos ten\u00edan bloqueados los tratados de libre comercio en Estados Unidos, en Europa y Colombia pues estaba en una situaci\u00f3n muy dif\u00edcil en materia de su pol\u00edtica internacional\u201d.<\/p>\n<p>El Mandatario hizo \u00e9nfasis en el cambio de 180 grados de esa situaci\u00f3n.<\/p>\n<p>\u201cEl cambio ha sido radical, el cambio ha sido fundamental y hoy podemos mostrarle al pa\u00eds y al mundo, aspectos como Colombia est\u00e1 liderando la discusi\u00f3n en los temas m\u00e1s importantes que est\u00e1 discutiendo la humanidad\u201d, indic\u00f3.<\/p>\n<p>Agenda diversificada<\/p>\n<p>Puso de presente que hace unos a\u00f1os la agenda con nuestro pa\u00eds se limitaba al narcotr\u00e1fico, la violencia y violaciones de derechos humanos.<\/p>\n<p>\u201cEso cambi\u00f3, la agenda se diversific\u00f3, la agenda de hoy es sobre cooperaci\u00f3n en materia de educaci\u00f3n, sobre cooperaci\u00f3n tecnol\u00f3gica, sobre medio ambiente, sobre educaci\u00f3n, sobre c\u00f3mo es que Colombia est\u00e1 obteniendo tan buenos resultados en la lucha contra la pobreza, c\u00f3mo Colombia puede ayudar a otros pa\u00edses, antes era a ver c\u00f3mo los pa\u00edses ayudan a Colombia ahora es c\u00f3mo Colombia puede ayudar a los pa\u00edses centroamericanos en su lucha contra el narcotr\u00e1fico\u201d, resalt\u00f3 el Mandatario.<\/p>\n<p>Con respecto a las visas que exigen a los colombianos, el Presidente indic\u00f3 que \u201chay 13 pa\u00edses que ya nos eliminaron las visas, pero a final de a\u00f1o habr\u00e1 en total 43 pa\u00edses, incluyendo todos los pa\u00edses de la Uni\u00f3n Europea, que no le van a exigir visas a los colombianos. Esa antip\u00e1tica visa que nos obligaba a hacer cola en todos los consulados de todos esos pa\u00edses, eso desaparece\u201d.<\/p>\n<p>Al subrayar el buen momento de las relaciones internacionales del pa\u00eds, el Jefe del Estado puso de relieve que \u201cse han logrado destrabar muchos de los acuerdos de libre comercio. Hoy tenemos un acceso al mercado internacional privilegiado, adem\u00e1s, de mil 500 millones de consumidores\u201d.<\/p>\n<p>Fuente: Comunicaciones Presidencia<\/p>\n","protected":false},"excerpt":{"rendered":"<p>El Gobierno Nacional se comprometi\u00f3 este lunes a suscribir durante los pr\u00f3ximos tres a\u00f1os 170 acuerdos internacionales que coadyuven en la etapa del posconflicto. El compromiso fue suscrito, en desarrollo de la gira \u2018Estamos Cumpliendo\u2019, por la Ministra de Relaciones Exteriores, Mar\u00eda \u00c1ngela Holgu\u00edn, quien explic\u00f3 que tales acuerdos ser\u00e1n[&#8230;]<\/p>\n","protected":false},"author":1,"featured_media":5929,"comment_status":"open","ping_status":"open","sticky":false,"template":"","format":"standard","meta":{"footnotes":""},"categories":[4],"tags":[],"_links":{"self":[{"href":"https:\/\/emisora.univalle.edu.co\/index.php\/wp-json\/wp\/v2\/posts\/5933"}],"collection":[{"href":"https:\/\/emisora.univalle.edu.co\/index.php\/wp-json\/wp\/v2\/posts"}],"about":[{"href":"https:\/\/emisora.univalle.edu.co\/index.php\/wp-json\/wp\/v2\/types\/post"}],"author":[{"embeddable":true,"href":"https:\/\/emisora.univalle.edu.co\/index.php\/wp-json\/wp\/v2\/users\/1"}],"replies":[{"embeddable":true,"href":"https:\/\/emisora.univalle.edu.co\/index.php\/wp-json\/wp\/v2\/comments?post=5933"}],"version-history":[{"count":1,"href":"https:\/\/emisora.univalle.edu.co\/index.php\/wp-json\/wp\/v2\/posts\/5933\/revisions"}],"predecessor-version":[{"id":5934,"href":"https:\/\/emisora.univalle.edu.co\/index.php\/wp-json\/wp\/v2\/posts\/5933\/revisions\/5934"}],"wp:featuredmedia":[{"embeddable":true,"href":"https:\/\/emisora.univalle.edu.co\/index.php\/wp-json\/wp\/v2\/media\/5929"}],"wp:attachment":[{"href":"https:\/\/emisora.univalle.edu.co\/index.php\/wp-json\/wp\/v2\/media?parent=5933"}],"wp:term":[{"taxonomy":"category","embeddable":true,"href":"https:\/\/emisora.univalle.edu.co\/index.php\/wp-json\/wp\/v2\/categories?post=5933"},{"taxonomy":"post_tag","embeddable":true,"href":"https:\/\/emisora.univalle.edu.co\/index.php\/wp-json\/wp\/v2\/tags?post=5933"}],"curies":[{"name":"wp","href":"https:\/\/api.w.org\/{rel}","templated":true}]}}