{"id":5935,"date":"2015-08-04T15:40:10","date_gmt":"2015-08-04T20:40:10","guid":{"rendered":"https:\/\/emisora.univalle.edu.co\/\/?p=5935"},"modified":"2015-08-04T15:40:10","modified_gmt":"2015-08-04T20:40:10","slug":"ninos-escritores-de-llano-verde-entregan-juguetes-belicos-presentan-cartilla-desarmate-meditele-este-cuento","status":"publish","type":"post","link":"https:\/\/emisora.univalle.edu.co\/index.php\/ninos-escritores-de-llano-verde-entregan-juguetes-belicos-presentan-cartilla-desarmate-meditele-este-cuento\/","title":{"rendered":"Ni\u00f1os escritores de Llano Verde entregan juguetes b\u00e9licos; presentan cartilla Des\u00e1rmate, med\u00edtele a este cuento"},"content":{"rendered":"<p><span style=\"line-height: 1.5em;\">Los ni\u00f1os de Llano Verde conocer\u00e1n c\u00f3mo quedaron plasmados sus escritos sobre la paz,\u00a0 en la cuarta edici\u00f3n de la cartilla \u2018Des\u00e1rmate, med\u00edtele a este cuento\u2019, en tanto entregan sus juguetes b\u00e9licos, este jueves 6 de agosto.<\/span><\/p>\n<p>El material pedag\u00f3gico contiene principalmente cuentos escritos por estudiantes del Colegio La Piedad, donde la Asesor\u00eda de Paz realiz\u00f3 talleres en temas como el desarme, el acoso escolar y las l\u00edneas imaginarias, entre otros.<\/p>\n<p>La Cartilla \u2018Des\u00e1rmate, med\u00edtele a este cuento\u2019, adem\u00e1s de cuentos sobre la paz,\u00a0 contiene en sus p\u00e1ginas juegos \u00a0infantiles, como sopa de letras y hasta una gu\u00eda para hacer cometas.<\/p>\n<p>Durante el lanzamiento, los ni\u00f1os se desarmar\u00e1n de juguetes b\u00e9licos y de acciones que fomenten la guerra. Es decir, que la \u00faltima actividad consistir\u00e1 en un\u00a0 ejercicio simb\u00f3lico.<\/p>\n<p>Respecto a las intervenciones, estar\u00e1n a cargo del\u00a0 asesor de Paz, Felipe Montoya, los ni\u00f1os que participaron en la cartilla y un desvinculado, una persona que fue reclutada por un grupo al margen de la ley cuando era menor de edad.<\/p>\n<p>La realizaci\u00f3n de la cartilla cont\u00f3 con el apoyo de la Agencia Colombiana Para la Reintegraci\u00f3n, ACR y la Casa Editorial El Tiempo.<\/p>\n<p>Datos:<\/p>\n<p>En el lanzamiento de la Cuarta edici\u00f3n de la cartilla &#8216;Des\u00e1rmate, med\u00edtele a este cuento&#8217; se presentar\u00e1n\u00a0 dos grupos musicales del Barrio Llano Verde.<\/p>\n<p>El lanzamiento se realizar\u00e1 a las 10:00 a.m., este\u00a0 jueves 6 de agosto, en el Colegio La Piedad, ubicado en la carrera 47\u00a0 D con calle 55 Esquina, en el Barrio C\u00f3rdoba Reservado- Llano Verde.<\/p>\n<p>Fuente: comunicaciones Alcald\u00eda<\/p>\n","protected":false},"excerpt":{"rendered":"<p>Los ni\u00f1os de Llano Verde conocer\u00e1n c\u00f3mo quedaron plasmados sus escritos sobre la paz,\u00a0 en la cuarta edici\u00f3n de la cartilla \u2018Des\u00e1rmate, med\u00edtele a este cuento\u2019, en tanto entregan sus juguetes b\u00e9licos, este jueves 6 de agosto. El material pedag\u00f3gico contiene principalmente cuentos escritos por estudiantes del Colegio La Piedad,[&#8230;]<\/p>\n","protected":false},"author":1,"featured_media":5920,"comment_status":"open","ping_status":"open","sticky":false,"template":"","format":"standard","meta":{"footnotes":""},"categories":[4],"tags":[],"_links":{"self":[{"href":"https:\/\/emisora.univalle.edu.co\/index.php\/wp-json\/wp\/v2\/posts\/5935"}],"collection":[{"href":"https:\/\/emisora.univalle.edu.co\/index.php\/wp-json\/wp\/v2\/posts"}],"about":[{"href":"https:\/\/emisora.univalle.edu.co\/index.php\/wp-json\/wp\/v2\/types\/post"}],"author":[{"embeddable":true,"href":"https:\/\/emisora.univalle.edu.co\/index.php\/wp-json\/wp\/v2\/users\/1"}],"replies":[{"embeddable":true,"href":"https:\/\/emisora.univalle.edu.co\/index.php\/wp-json\/wp\/v2\/comments?post=5935"}],"version-history":[{"count":1,"href":"https:\/\/emisora.univalle.edu.co\/index.php\/wp-json\/wp\/v2\/posts\/5935\/revisions"}],"predecessor-version":[{"id":5936,"href":"https:\/\/emisora.univalle.edu.co\/index.php\/wp-json\/wp\/v2\/posts\/5935\/revisions\/5936"}],"wp:featuredmedia":[{"embeddable":true,"href":"https:\/\/emisora.univalle.edu.co\/index.php\/wp-json\/wp\/v2\/media\/5920"}],"wp:attachment":[{"href":"https:\/\/emisora.univalle.edu.co\/index.php\/wp-json\/wp\/v2\/media?parent=5935"}],"wp:term":[{"taxonomy":"category","embeddable":true,"href":"https:\/\/emisora.univalle.edu.co\/index.php\/wp-json\/wp\/v2\/categories?post=5935"},{"taxonomy":"post_tag","embeddable":true,"href":"https:\/\/emisora.univalle.edu.co\/index.php\/wp-json\/wp\/v2\/tags?post=5935"}],"curies":[{"name":"wp","href":"https:\/\/api.w.org\/{rel}","templated":true}]}}