{"id":5937,"date":"2015-08-04T15:41:46","date_gmt":"2015-08-04T20:41:46","guid":{"rendered":"https:\/\/emisora.univalle.edu.co\/\/?p=5937"},"modified":"2015-08-04T15:41:46","modified_gmt":"2015-08-04T20:41:46","slug":"jornada-de-vacunacion-dia-de-ponerte-al-dia-en-el-valle-del-cauca-agosto-2015","status":"publish","type":"post","link":"https:\/\/emisora.univalle.edu.co\/index.php\/jornada-de-vacunacion-dia-de-ponerte-al-dia-en-el-valle-del-cauca-agosto-2015\/","title":{"rendered":"Jornada de Vacunaci\u00f3n \u201cD\u00eda de Ponerte al D\u00eda\u201d en el Valle del Cauca agosto 2015"},"content":{"rendered":"<p><span style=\"line-height: 1.5em;\">La Secretar\u00eda Departamental de Salud hace una invitaci\u00f3n a los padres de familia, ni\u00f1os menores de 5 a\u00f1os, mujeres en edad f\u00e9rtil, gestantes, y personas mayores de 50 a\u00f1os para que se acerquen a las entidades de salud y participen de la jornada de vacunaci\u00f3n.<\/span><\/p>\n<p>La Jornada \u201cD\u00eda de ponerse al d\u00eda\u201d, tiene como objetivo principal la participaci\u00f3n de los vallecaucanos a completar el Esquema Nacional de Vacunaci\u00f3n en los ni\u00f1os menores de 5 a\u00f1os, y evitar as\u00ed enfermedades prevenibles por vacuna.<\/p>\n<p>La Jornada de Vacunaci\u00f3n se realiza en los puestos de vacunaci\u00f3n de las instituciones de salud de los 42 municipios del Departamento del Valle del Cauca durante el mes de agosto y tiene como d\u00eda central el 29 de agosto de 2015 de 8 a 4 pm.<\/p>\n<p>Recuerde:<\/p>\n<p>\u2022 Las vacunas del Esquema Nacional de Vacunaci\u00f3n contra el Polio, Difteria, Tosferina, T\u00e9tanos, diarrea por Rotavirus, Neumon\u00edas por neumococo, tuberculosis men\u00edngea, Hepatitis A y B, Fiebre Amarilla, Sarampi\u00f3n, Rubeola y paperas (parotiditis), varicela, enfermedad respiratoria por influenza y c\u00e1ncer de cuello uterino \u2013VPH son gratuitas.<\/p>\n<p>\u2022 Los ni\u00f1os menores de 5 a\u00f1os, mujeres en edad f\u00e9rtil (10-49 a\u00f1os),<\/p>\n<p>Gestantes y personas mayores de 50 a\u00f1os deben vacunarse seg\u00fan el Esquema Nacional y deben llevar su carn\u00e9 de vacunaci\u00f3n.<\/p>\n<p>En caso de cualquier informaci\u00f3n comunicarse al 6200000 ext.1690, 1674 y 1698<\/p>\n<p>Fuente: Comunicaciones Gobernaci\u00f3n<\/p>\n","protected":false},"excerpt":{"rendered":"<p>La Secretar\u00eda Departamental de Salud hace una invitaci\u00f3n a los padres de familia, ni\u00f1os menores de 5 a\u00f1os, mujeres en edad f\u00e9rtil, gestantes, y personas mayores de 50 a\u00f1os para que se acerquen a las entidades de salud y participen de la jornada de vacunaci\u00f3n. La Jornada \u201cD\u00eda de ponerse[&#8230;]<\/p>\n","protected":false},"author":1,"featured_media":5921,"comment_status":"open","ping_status":"open","sticky":false,"template":"","format":"standard","meta":{"footnotes":""},"categories":[4],"tags":[],"_links":{"self":[{"href":"https:\/\/emisora.univalle.edu.co\/index.php\/wp-json\/wp\/v2\/posts\/5937"}],"collection":[{"href":"https:\/\/emisora.univalle.edu.co\/index.php\/wp-json\/wp\/v2\/posts"}],"about":[{"href":"https:\/\/emisora.univalle.edu.co\/index.php\/wp-json\/wp\/v2\/types\/post"}],"author":[{"embeddable":true,"href":"https:\/\/emisora.univalle.edu.co\/index.php\/wp-json\/wp\/v2\/users\/1"}],"replies":[{"embeddable":true,"href":"https:\/\/emisora.univalle.edu.co\/index.php\/wp-json\/wp\/v2\/comments?post=5937"}],"version-history":[{"count":1,"href":"https:\/\/emisora.univalle.edu.co\/index.php\/wp-json\/wp\/v2\/posts\/5937\/revisions"}],"predecessor-version":[{"id":5938,"href":"https:\/\/emisora.univalle.edu.co\/index.php\/wp-json\/wp\/v2\/posts\/5937\/revisions\/5938"}],"wp:featuredmedia":[{"embeddable":true,"href":"https:\/\/emisora.univalle.edu.co\/index.php\/wp-json\/wp\/v2\/media\/5921"}],"wp:attachment":[{"href":"https:\/\/emisora.univalle.edu.co\/index.php\/wp-json\/wp\/v2\/media?parent=5937"}],"wp:term":[{"taxonomy":"category","embeddable":true,"href":"https:\/\/emisora.univalle.edu.co\/index.php\/wp-json\/wp\/v2\/categories?post=5937"},{"taxonomy":"post_tag","embeddable":true,"href":"https:\/\/emisora.univalle.edu.co\/index.php\/wp-json\/wp\/v2\/tags?post=5937"}],"curies":[{"name":"wp","href":"https:\/\/api.w.org\/{rel}","templated":true}]}}