{"id":5939,"date":"2015-08-04T15:43:26","date_gmt":"2015-08-04T20:43:26","guid":{"rendered":"https:\/\/emisora.univalle.edu.co\/\/?p=5939"},"modified":"2015-08-04T15:43:26","modified_gmt":"2015-08-04T20:43:26","slug":"en-el-mes-por-la-nutricion-infantil-juntos-por-una-meta-reducir-la-desnutricion-cronica-en-colombia-un-digito-en-2015","status":"publish","type":"post","link":"https:\/\/emisora.univalle.edu.co\/index.php\/en-el-mes-por-la-nutricion-infantil-juntos-por-una-meta-reducir-la-desnutricion-cronica-en-colombia-un-digito-en-2015\/","title":{"rendered":"En el \u2018Mes por la Nutrici\u00f3n infantil\u2019, juntos por una meta: reducir la desnutrici\u00f3n cr\u00f3nica en Colombia a un d\u00edgito en 2015"},"content":{"rendered":"<p><span style=\"line-height: 1.5em;\">Para erradicar la desnutrici\u00f3n cr\u00f3nica en el a\u00f1o 2030, como lo plantea el movimiento \u2018Generaci\u00f3n Cero Desnutrici\u00f3n &#8211; Gen Cero\u2019, es necesario garantizar que los ni\u00f1os y ni\u00f1as nazcan con un peso adecuado y establecer pol\u00edticas de promoci\u00f3n de la lactancia materna, entre otras medidas. Para cumplir con los Objetivos de Desarrollo del Milenio, se lanz\u00f3\u00a0 hoy el \u2018Mes por la Nutrici\u00f3n Infantil\u2019.<\/span><\/p>\n<p>Tal iniciativa hace parte de la Estrategia Presidencial \u2018De Cero a Siempre\u2019, del Programa Mundial de Alimentos y la Fundaci\u00f3n \u00c9xito, para movilizar a Colombia en pro de la nutrici\u00f3n de los ni\u00f1os.<\/p>\n<p>\u201cAs\u00ed como el pa\u00eds ha alcanzado metas econ\u00f3micas tan importantes como reducir el desempleo a un d\u00edgito, hoy el turno es para nuestros ni\u00f1os y ni\u00f1as: a partir de hoy trabajaremos sin descanso para que la desnutrici\u00f3n cr\u00f3nica, registrada en 13,2% en 2010, baje a un d\u00edgito este 2015. Y para eso necesitamos el apoyo de todos los sectores\u201d, asegur\u00f3 Mar\u00eda Clemencia Rodr\u00edguez de Santos, esposa del Presidente Juan Manuel Santos y vocera de la Estrategia Presidencial \u2018De Cero a Siempre\u2019.<\/p>\n<p>Esta meta est\u00e1 alineada con los Objetivos de Desarrollo del Milenio y es el primer prop\u00f3sito planteado por el movimiento \u2018Gen Cero\u2019 para lograr erradicar en 2030 la desnutrici\u00f3n cr\u00f3nica en la primera infancia. El seguimiento de este indicador y su cumplimiento ser\u00e1 dado por los resultados de la Encuesta Nacional de la Situaci\u00f3n Nutricional en Colombia \u2013 Ensin-, que ser\u00e1 publicada el pr\u00f3ximo a\u00f1o.<\/p>\n<p>La desnutrici\u00f3n fue uno de los puntos de partida para formular una pol\u00edtica de atenci\u00f3n integral para la primera infancia. Esta pol\u00edtica requiere una inversi\u00f3n sostenida, con un \u00e9nfasis especial en los primeros mil d\u00edas de vida de los ni\u00f1os (270 d\u00edas de gestaci\u00f3n y 730 de los primeros dos a\u00f1os), controlando factores como la atenci\u00f3n de la madre durante la gestaci\u00f3n, el peso inadecuado al nacer y la duraci\u00f3n de la lactancia materna exclusiva y total.<\/p>\n<p>En Colombia, el 35,4%de los ni\u00f1os y ni\u00f1as, seg\u00fan datos del Departamento Administrativo Nacional de Estad\u00edsticas (Dane) de 2014, nace con menos de 3.000 gramos y, por tanto, con un mayor riesgo de sufrir desnutrici\u00f3n cr\u00f3nica.\u00a0 Asimismo, el promedio de la duraci\u00f3n de la lactancia materna exclusiva no supera los dos meses, cuando la recomendaci\u00f3n de la Organizaci\u00f3n Mundial de Salud es de 6 meses.<\/p>\n<p>\u201cLos primeros mil d\u00edas son considerados una ventana de oportunidad para la vida, pues ah\u00ed ocurren los m\u00e1ximos desarrollos en el ser humano. Una buena nutrici\u00f3n en los primeros a\u00f1os de vida mejora: el capital humano y distintos indicadores poblacionales como la talla, la escolaridad, los ingresos\u201d, asegura Deborah Hines, Representante del Programa Mundial de Alimentos. \u201cInvertir en la nutrici\u00f3n es invertir en equidad y desarrollo para Colombia\u201d.<\/p>\n<p>En la presentaci\u00f3n del \u2018Mes por la Nutrici\u00f3n Infantil\u2019 se habl\u00f3 sobre la importancia de incluir a la primera infancia en los programas de gobierno de los candidatos a las elecciones regionales y materializar esta apuesta en los planes de desarrollo locales.<\/p>\n<p>Si bien la desnutrici\u00f3n cr\u00f3nica en el nivel nacional se registr\u00f3 en 13,2%, seg\u00fan la Encuesta de Situaci\u00f3n Nutricional (Ensin, 2010), esta cifra es m\u00e1s alta en algunas regiones. Por ejemplo, en la Guajira en 2010 era del 28%; en el Amazonas,\u00a0 28,6%; en el Vaup\u00e9s, 34,6%; y, en Cauca, 23%; mientras que en Bogot\u00e1 fue de 16%.<\/p>\n<p>\u201cSabemos que desde muchas administraciones municipales y departamentales se est\u00e1n haciendo esfuerzos serios por atender de manera integral a la primera infancia, es importante que en el nuevo periodo de gobierno 2015 \u2013 2018 se les d\u00e9 continuidad a esas pol\u00edticas cuando las haya o crearlas en los casos en los que no. Para erradicar la desnutrici\u00f3n cr\u00f3nica se necesitan compromisos a nivel central pero tambi\u00e9n enfocar recursos e infraestructura para atender esta problem\u00e1tica a nivel regional\u201d, agreg\u00f3 Germ\u00e1n Jaramillo, director de la Fundaci\u00f3n \u00c9xito.<\/p>\n<p>El \u2018Mes por la Nutrici\u00f3n Infantil\u2019, que tendr\u00e1 lugar entre el 1\u00b0 de agosto y el 10 de septiembre, muestra la importancia de las alianzas p\u00fablico-privadas para trabajar por objetivos comunes de pa\u00eds. Esta es la primera edici\u00f3n de un evento que se busca institucionalizar a\u00f1o tras a\u00f1o, durante el mes de agosto, cuando se realizar\u00e1n actividades acad\u00e9micas y una movilizaci\u00f3n social en torno a la nutrici\u00f3n de los ni\u00f1os y la promoci\u00f3n de la lactancia materna.<\/p>\n<p>Fuente: Comunicaciones Presidencia<\/p>\n","protected":false},"excerpt":{"rendered":"<p>Para erradicar la desnutrici\u00f3n cr\u00f3nica en el a\u00f1o 2030, como lo plantea el movimiento \u2018Generaci\u00f3n Cero Desnutrici\u00f3n &#8211; Gen Cero\u2019, es necesario garantizar que los ni\u00f1os y ni\u00f1as nazcan con un peso adecuado y establecer pol\u00edticas de promoci\u00f3n de la lactancia materna, entre otras medidas. Para cumplir con los Objetivos[&#8230;]<\/p>\n","protected":false},"author":1,"featured_media":5930,"comment_status":"open","ping_status":"open","sticky":false,"template":"","format":"standard","meta":{"footnotes":""},"categories":[4],"tags":[],"_links":{"self":[{"href":"https:\/\/emisora.univalle.edu.co\/index.php\/wp-json\/wp\/v2\/posts\/5939"}],"collection":[{"href":"https:\/\/emisora.univalle.edu.co\/index.php\/wp-json\/wp\/v2\/posts"}],"about":[{"href":"https:\/\/emisora.univalle.edu.co\/index.php\/wp-json\/wp\/v2\/types\/post"}],"author":[{"embeddable":true,"href":"https:\/\/emisora.univalle.edu.co\/index.php\/wp-json\/wp\/v2\/users\/1"}],"replies":[{"embeddable":true,"href":"https:\/\/emisora.univalle.edu.co\/index.php\/wp-json\/wp\/v2\/comments?post=5939"}],"version-history":[{"count":1,"href":"https:\/\/emisora.univalle.edu.co\/index.php\/wp-json\/wp\/v2\/posts\/5939\/revisions"}],"predecessor-version":[{"id":5940,"href":"https:\/\/emisora.univalle.edu.co\/index.php\/wp-json\/wp\/v2\/posts\/5939\/revisions\/5940"}],"wp:featuredmedia":[{"embeddable":true,"href":"https:\/\/emisora.univalle.edu.co\/index.php\/wp-json\/wp\/v2\/media\/5930"}],"wp:attachment":[{"href":"https:\/\/emisora.univalle.edu.co\/index.php\/wp-json\/wp\/v2\/media?parent=5939"}],"wp:term":[{"taxonomy":"category","embeddable":true,"href":"https:\/\/emisora.univalle.edu.co\/index.php\/wp-json\/wp\/v2\/categories?post=5939"},{"taxonomy":"post_tag","embeddable":true,"href":"https:\/\/emisora.univalle.edu.co\/index.php\/wp-json\/wp\/v2\/tags?post=5939"}],"curies":[{"name":"wp","href":"https:\/\/api.w.org\/{rel}","templated":true}]}}