{"id":5941,"date":"2015-08-04T15:45:43","date_gmt":"2015-08-04T20:45:43","guid":{"rendered":"https:\/\/emisora.univalle.edu.co\/\/?p=5941"},"modified":"2015-08-04T15:45:43","modified_gmt":"2015-08-04T20:45:43","slug":"5-instituciones-educativas-oficiales-del-valle-se-subieron-al-bus-de-la-jornada-unica","status":"publish","type":"post","link":"https:\/\/emisora.univalle.edu.co\/index.php\/5-instituciones-educativas-oficiales-del-valle-se-subieron-al-bus-de-la-jornada-unica\/","title":{"rendered":"5 instituciones educativas oficiales del Valle se subieron al Bus de la Jornada \u00danica"},"content":{"rendered":"<p><span style=\"line-height: 1.5em;\">Las instituciones educativas oficiales pertenecientes a los municipios de El Dovio, Yotoco, Cerrito, Caicedonia y Sevilla, le apostaron al mejoramiento de la calidad educativa, y a que ni\u00f1os, ni\u00f1as y j\u00f3venes estudien m\u00e1s y permanezcan m\u00e1s horas en el colegio y menos tiempo en las calles, gracias a la implementaci\u00f3n de la Jornada \u00danica en sus planteles educativos. As\u00ed lo dio a conocer el secretario de educaci\u00f3n del Valle del Cauca, Jose Gustavo Padilla Orozco quien se uni\u00f3 a la comunidad educativa en esta fiesta por la Educaci\u00f3n.<\/span><\/p>\n<p>\u201c1951 estudiantes se ver\u00e1n beneficiados gracias a que estas instituciones educativas se subieron al Bus de la Jornada \u00danica, que tiene entre varios prop\u00f3sitos, mejorar la calidad educativa en los niveles de preescolar, b\u00e1sica y media con resultados medibles evidenciando el mejoramiento en las competencias de matem\u00e1ticas, ingl\u00e9s, espa\u00f1ol y ciencias naturales\u201d, indic\u00f3 el jefe de la educaci\u00f3n vallecaucana.<\/p>\n<p>El Secretario Padilla se hizo presente durante el evento y comparti\u00f3 con los representantes acad\u00e9micos los retos que significa la implementaci\u00f3n de esta iniciativa. Igualmente, resalt\u00f3 el liderazgo y compromiso de las directivas, educadores, estudiantes de los establecimientos educativos, autoridades municipales y la comunidad en general frente a la Jornada \u00danica. \u201cQuiero felicitarlos por demostrar su avenencia que tienen con la educaci\u00f3n, porque hicieron parte de este logro que aumentar\u00e1 el tiempo de permanencia de los ni\u00f1os y j\u00f3venes en las aulas fortaleciendo el trabajo acad\u00e9mico y el desarrollo de las competencias b\u00e1sicas, y adem\u00e1s reducir\u00e1 el tiempo que permanecen en las calles\u201d, manifest\u00f3.<\/p>\n<p>El funcionario record\u00f3 los principales objetivos de la Jornada \u00danica, en los que figuran: mejorar los resultados en Pruebas Saber y Pruebas Pisa; fomentar principios de equidad, calidad y eficiencia en el sector educativo como una ruta para la construcci\u00f3n de una sociedad m\u00e1s equitativa y en paz; y reducir factores de riesgo y vulnerabilidad a los que se encuentren expuestos los estudiantes en su tiempo libre.<\/p>\n<p>Las 5 instituciones educativas que se unieron a la Jornada \u00danica son: IE Jos\u00e9 Mar\u00eda Falla, del municipio El Dovio; en Yotoco, la IE Alfonso Wawadsky; la IE Jorge Isaacs, perteneciente a El Cerrito; Sagrado Coraz\u00f3n, de Caicedonia; y en Sevilla, la IE Mar\u00eda Auxiliadora.<\/p>\n<p>El titular de la cartera educativo hizo un llamado a las instituciones educativas oficiales invitando a que se sumen a esta iniciativa hasta lograr el 100% de cobertura en el departamento.<\/p>\n<p>Fuente: Comunicaciones Gobernaci\u00f3n<\/p>\n","protected":false},"excerpt":{"rendered":"<p>Las instituciones educativas oficiales pertenecientes a los municipios de El Dovio, Yotoco, Cerrito, Caicedonia y Sevilla, le apostaron al mejoramiento de la calidad educativa, y a que ni\u00f1os, ni\u00f1as y j\u00f3venes estudien m\u00e1s y permanezcan m\u00e1s horas en el colegio y menos tiempo en las calles, gracias a la implementaci\u00f3n[&#8230;]<\/p>\n","protected":false},"author":1,"featured_media":5927,"comment_status":"open","ping_status":"open","sticky":false,"template":"","format":"standard","meta":{"footnotes":""},"categories":[4],"tags":[],"_links":{"self":[{"href":"https:\/\/emisora.univalle.edu.co\/index.php\/wp-json\/wp\/v2\/posts\/5941"}],"collection":[{"href":"https:\/\/emisora.univalle.edu.co\/index.php\/wp-json\/wp\/v2\/posts"}],"about":[{"href":"https:\/\/emisora.univalle.edu.co\/index.php\/wp-json\/wp\/v2\/types\/post"}],"author":[{"embeddable":true,"href":"https:\/\/emisora.univalle.edu.co\/index.php\/wp-json\/wp\/v2\/users\/1"}],"replies":[{"embeddable":true,"href":"https:\/\/emisora.univalle.edu.co\/index.php\/wp-json\/wp\/v2\/comments?post=5941"}],"version-history":[{"count":1,"href":"https:\/\/emisora.univalle.edu.co\/index.php\/wp-json\/wp\/v2\/posts\/5941\/revisions"}],"predecessor-version":[{"id":5942,"href":"https:\/\/emisora.univalle.edu.co\/index.php\/wp-json\/wp\/v2\/posts\/5941\/revisions\/5942"}],"wp:featuredmedia":[{"embeddable":true,"href":"https:\/\/emisora.univalle.edu.co\/index.php\/wp-json\/wp\/v2\/media\/5927"}],"wp:attachment":[{"href":"https:\/\/emisora.univalle.edu.co\/index.php\/wp-json\/wp\/v2\/media?parent=5941"}],"wp:term":[{"taxonomy":"category","embeddable":true,"href":"https:\/\/emisora.univalle.edu.co\/index.php\/wp-json\/wp\/v2\/categories?post=5941"},{"taxonomy":"post_tag","embeddable":true,"href":"https:\/\/emisora.univalle.edu.co\/index.php\/wp-json\/wp\/v2\/tags?post=5941"}],"curies":[{"name":"wp","href":"https:\/\/api.w.org\/{rel}","templated":true}]}}