{"id":5943,"date":"2015-08-04T15:47:19","date_gmt":"2015-08-04T20:47:19","guid":{"rendered":"https:\/\/emisora.univalle.edu.co\/\/?p=5943"},"modified":"2015-08-04T15:47:19","modified_gmt":"2015-08-04T20:47:19","slug":"equipo-colombo-espanol-disena-modelo-de-edificio-sostenible-para-la-decatlon-solar","status":"publish","type":"post","link":"https:\/\/emisora.univalle.edu.co\/index.php\/equipo-colombo-espanol-disena-modelo-de-edificio-sostenible-para-la-decatlon-solar\/","title":{"rendered":"Equipo colombo-espa\u00f1ol dise\u00f1a modelo de edificio sostenible para la Decatl\u00f3n Solar"},"content":{"rendered":"<p><span style=\"line-height: 1.5em;\">Juan Arizmendi participa en el concurso de arquitectura e ingenier\u00eda denominado Decatl\u00f3n Solar, y junto a las universidades Santiago de Cali y Sevilla tiene\u00a0 en el proyecto \u2018Aura\u2019 una novedosa propuesta para crear un edificio para los estratos 1 y 2, para personas que habitar\u00e1n en la ecociudad Navarro.<\/span><\/p>\n<p>\u201cAunque a\u00fan no hemos materializado el edificio, s\u00ed nos hemos enfocado en que sea biosostenible y respetuoso del medioambiente. Que demos un paso para que haya cultura sostenible y cultura ambiental\u201d, afirm\u00f3 al presentar su propuesta.<\/p>\n<p>Seg\u00fan \u00e9l, se quiere que las personas manejen una responsabilidad ambiental, sepan manipular las basuras, reciclen y separen desde la fuente. \u201cEste es el eje del proyecto, enfocarnos mucho desde la parte ambiental\u201d, precis\u00f3.<\/p>\n<p>A\u00f1adi\u00f3 que en pocos d\u00edas se empezar\u00e1n a definir los materiales. \u201cYa tenemos la idea y los prototipos y solo queda pendiente lo referente a la arquitectura del edificio\u201d, anot\u00f3.<\/p>\n<p>\u201cEl edificio tendr\u00e1 chimenea, que va a disipar el calor. El aire ser\u00e1 la entrada con lo que se ventilar\u00e1 la casa y no requerir\u00e1 aire acondicionado porque se aprovechar\u00e1 la brisa cale\u00f1a, que en horas de la tarde es \u00fanica\u201d, resalt\u00f3 el creativo.<\/p>\n<p>La propuesta del equipo HIS Cali es usar agua calentada por medio de la energ\u00eda solar, prototipo b\u00e1sico de la propuesta y tambi\u00e9n tendr\u00e1 elementos con los que esperan ganar el concurso.<\/p>\n<p>En este proyecto trabajan 38 personas: 20 que aportan en representaci\u00f3n de la Universidad de Sevilla, Espa\u00f1a, y 18 que pertenecen a la Universidad Santiago de Cali.<\/p>\n<p>\u201cTodos somos estudiantes y se llevan ocho meses de dedicaci\u00f3n completa para de manera muy creativa ganar el concurso, aport\u00e1ndole a la ciudad\u201d enfatiz\u00f3.<\/p>\n<p>\u201cEl Decatl\u00f3n Solar es\u00a0 una importante iniciativa que seguramente abrir\u00e1 muchas puertas, desde el nivel investigativo y poder acceder a muchos proyectos\u201d, dijo el representante el equipo HIS Cali que lidera el proyecto Aura, con el que participan en la Decatl\u00f3n Solar, que ir\u00e1 hasta finales del a\u00f1o.<\/p>\n<p>Este concurso internacional de ingenier\u00eda y arquitectura es patrocinado por el departamento de Energ\u00eda de los Estados Unidos y el Laboratorio Nacional de Energ\u00edas Renovables. Por primera vez se tiene como sede una ciudad de Suram\u00e9rica.<\/p>\n<p>Las universidades participantes deben construir una casa abastecida completamente por energ\u00eda solar. El concurso en su versi\u00f3n 2015 ser\u00e1 premiado en el mes de diciembre y participan 16 delegaciones.<\/p>\n<p>Fuente: Comunicaciones Alcald\u00eda<\/p>\n","protected":false},"excerpt":{"rendered":"<p>Juan Arizmendi participa en el concurso de arquitectura e ingenier\u00eda denominado Decatl\u00f3n Solar, y junto a las universidades Santiago de Cali y Sevilla tiene\u00a0 en el proyecto \u2018Aura\u2019 una novedosa propuesta para crear un edificio para los estratos 1 y 2, para personas que habitar\u00e1n en la ecociudad Navarro. \u201cAunque[&#8230;]<\/p>\n","protected":false},"author":1,"featured_media":5922,"comment_status":"open","ping_status":"open","sticky":false,"template":"","format":"standard","meta":{"footnotes":""},"categories":[4],"tags":[],"_links":{"self":[{"href":"https:\/\/emisora.univalle.edu.co\/index.php\/wp-json\/wp\/v2\/posts\/5943"}],"collection":[{"href":"https:\/\/emisora.univalle.edu.co\/index.php\/wp-json\/wp\/v2\/posts"}],"about":[{"href":"https:\/\/emisora.univalle.edu.co\/index.php\/wp-json\/wp\/v2\/types\/post"}],"author":[{"embeddable":true,"href":"https:\/\/emisora.univalle.edu.co\/index.php\/wp-json\/wp\/v2\/users\/1"}],"replies":[{"embeddable":true,"href":"https:\/\/emisora.univalle.edu.co\/index.php\/wp-json\/wp\/v2\/comments?post=5943"}],"version-history":[{"count":1,"href":"https:\/\/emisora.univalle.edu.co\/index.php\/wp-json\/wp\/v2\/posts\/5943\/revisions"}],"predecessor-version":[{"id":5944,"href":"https:\/\/emisora.univalle.edu.co\/index.php\/wp-json\/wp\/v2\/posts\/5943\/revisions\/5944"}],"wp:featuredmedia":[{"embeddable":true,"href":"https:\/\/emisora.univalle.edu.co\/index.php\/wp-json\/wp\/v2\/media\/5922"}],"wp:attachment":[{"href":"https:\/\/emisora.univalle.edu.co\/index.php\/wp-json\/wp\/v2\/media?parent=5943"}],"wp:term":[{"taxonomy":"category","embeddable":true,"href":"https:\/\/emisora.univalle.edu.co\/index.php\/wp-json\/wp\/v2\/categories?post=5943"},{"taxonomy":"post_tag","embeddable":true,"href":"https:\/\/emisora.univalle.edu.co\/index.php\/wp-json\/wp\/v2\/tags?post=5943"}],"curies":[{"name":"wp","href":"https:\/\/api.w.org\/{rel}","templated":true}]}}